{"id":58043,"date":"2025-09-29T12:34:47","date_gmt":"2025-09-29T09:34:47","guid":{"rendered":"https:\/\/www.egemtv.com\/?p=58043"},"modified":"2025-09-29T12:34:48","modified_gmt":"2025-09-29T09:34:48","slug":"kasapoglu-abd-temaslarini-degerlendirdi","status":"publish","type":"post","link":"https:\/\/www.egemtv.com\/?p=58043","title":{"rendered":"Kasapo\u011flu, ABD temaslar\u0131n\u0131 de\u011ferlendirdi"},"content":{"rendered":"<p>\u00d6nceki D\u00f6nem Gen\u00e7lik ve Spor Bakan\u0131, AK Parti \u0130zmir Milletvekili, T\u00fcrkiye-ABD Parlamentolar Aras\u0131 Dostluk Grubu Ba\u015fkan\u0131 Dr. Mehmet Kasapo\u011flu New York ve Washington\u2019da ger\u00e7ekle\u015fen g\u00f6r\u00fc\u015fmelerle ilgili bir makale kaleme ald\u0131.<br \/>\n<br \/>Dr. Kasapo\u011flu, T\u00fcrk\u00e7e ve \u0130ngilizce olarak yay\u0131nlanan makalesinde; &#8220;21- 25 Eyl\u00fcl aras\u0131nda New York ve Washington hatt\u0131nda ge\u00e7en programlarda, sadece diplomasi protokolleri de\u011fil, somut sonu\u00e7 hedefleyen \u00e7ok katmanl\u0131 bir devlet akl\u0131n\u0131 da sahada g\u00f6rd\u00fck. Birle\u015fmi\u015f Milletler Genel Kurulu\u2019nun y\u00fcksek d\u00fczeyli haftas\u0131nda Cumhurba\u015fkan\u0131m\u0131z Recep Tayyip Erdo\u011fan, \u00f6nce vicdan\u0131n k\u00fcrs\u00fcs\u00fcnde konu\u015ftu. Ard\u0131ndan ekonominin masas\u0131nda verileri ve hedefleri ortaya koydu. Washington\u2019da ise m\u00fcttefiklik hukukunun gerektirdi\u011fi teknik ba\u015fl\u0131klar\u0131 kararl\u0131l\u0131kla ele ald\u0131. Bu seyirde at\u0131lan her ad\u0131m, T\u00fcrkiye\u2019nin hem insani duru\u015funu hem de stratejik kapasitesini ayn\u0131 resimde bulu\u015fturdu. Say\u0131n Cumhurba\u015fkan\u0131m\u0131z\u0131n, Birle\u015fmi\u015f Milletler Genel Kurulu hitab\u0131, Gazze\u2019deki \u00e7\u00f6z\u00fcms\u00fczl\u00fc\u011f\u00fcn giderilmesi yolunda meseleyi daha g\u00fc\u00e7l\u00fc bir boyuta ta\u015f\u0131d\u0131. Cumhurba\u015fkan\u0131m\u0131z, iki y\u0131la yakla\u015fan insani felaketi rakamlar\u0131n so\u011fuklu\u011funa hapsetmeden, hukuk ve vicdan terazisinde anlatt\u0131. Ate\u015fkesin tesisi, insani yard\u0131mlara kesintisiz eri\u015fimin sa\u011flanmas\u0131 ve insan haklar\u0131 ihlallerine kar\u015f\u0131 cayd\u0131r\u0131c\u0131 mekanizmalar\u0131n i\u015fletilmesi \u00e7a\u011fr\u0131s\u0131n\u0131 bir kez daha a\u00e7\u0131k ve net bir dille yapt\u0131. Bar\u0131\u015f\u0131n hayata ge\u00e7mesinin form\u00fcl\u00fcn\u00fc bir kez daha vurgulad\u0131. 1967 s\u0131n\u0131rlar\u0131 temelinde, ba\u015fkenti Do\u011fu Kud\u00fcs olan ba\u011f\u0131ms\u0131z bir Filistin devleti kurulmadan kal\u0131c\u0131 bar\u0131\u015f do\u011fmaz, uluslararas\u0131 hukuk da i\u015flevini bulmaz. Bu s\u00f6z bir tespit de\u011fildir. Takvime ba\u011flanmas\u0131 ve denetlenmesi gereken hayati bir ad\u0131md\u0131r. Gazze\u2019de ya\u015fananlara kar\u015f\u0131 ilkesel netlik hi\u00e7 vakit kaybetmeden ortaya konmal\u0131d\u0131r. \u0130nsanl\u0131\u011f\u0131n gere\u011fi budur. Bu \u00e7izgi, Filistin Meselesine \u00c7\u00f6z\u00fcm ve \u0130ki Devletli \u00c7\u00f6z\u00fcm Konferans\u0131\u2019nda da korundu. Filistin\u2019i tan\u0131yan \u00fclkeler takdir edildi. Teredd\u00fct edenlere bu anlamdaki \u00e7a\u011fr\u0131 yinelendi. Filistin davas\u0131n\u0131n art\u0131k d\u00fcnyaya mal oldu\u011funun, t\u00fcm insanl\u0131\u011f\u0131n bu konuda sorumlu oldu\u011funun alt\u0131 \u00e7izildi. Netanyahu h\u00fck\u00fcmetinin ilhak ve s\u00fcrg\u00fcn siyaseti, iki devletli \u00e7\u00f6z\u00fcm\u00fc bo\u011fmaya d\u00f6n\u00fck bir strateji olarak bir kez daha if\u015fa edildi. Buradaki mesaj a\u00e7\u0131kt\u0131: Uluslararas\u0131 toplum ya hukuku i\u015fletir ve ad\u0131m\u0131 takvime ba\u011flar ya da yeni utan\u00e7 sayfalar\u0131n\u0131n a\u00e7\u0131lmas\u0131na seyirci kal\u0131r. \u00c7\u00fcnk\u00fc modern \u00e7a\u011f\u0131n utan\u00e7lar\u0131 haf\u0131zalar\u0131m\u0131zda ilk g\u00fcnk\u00fc gibi duruyor. Daha b\u00fcy\u00fck utan\u00e7lar ise g\u00f6z\u00fcm\u00fcz\u00fcn \u00f6n\u00fcnde yeniden yaz\u0131l\u0131yor. T\u00fcrkiye, bu gidi\u015fat\u0131 de\u011fi\u015ftirmek i\u00e7in hem vicdani hem de hukuki bir hat kurdu ve Cumhurba\u015fkan\u0131m\u0131z\u0131n a\u011fz\u0131ndan bu hatt\u0131n gere\u011fini yerine getirdi. Birle\u015fmi\u015f Milletler k\u00fcrs\u00fcs\u00fcnde yaln\u0131zca Gazze konu\u015fulmad\u0131. Sistemin bizzat kendisi de masaya yat\u0131r\u0131ld\u0131. &#8220;D\u00fcnya be\u015ften b\u00fcy\u00fckt\u00fcr&#8221; vurgusu sistemin a\u00e7mazlar\u0131n\u0131 ifade eden en net ele\u015ftirilerden biridir ve bir kere daha bu ele\u015ftirinin somutla\u015fm\u0131\u015f halidir. Veto d\u00fczeni kararlar\u0131 kilitleyip \u00e7ifte standard\u0131 me\u015frula\u015ft\u0131rmaya devam ederse, sonu\u00e7 yeni Gazze\u2019ler, yeni utan\u00e7 vesikalar\u0131, yeni soyk\u0131r\u0131mlar olacakt\u0131r. Bu nedenle T\u00fcrkiye, &#8220;G\u00fc\u00e7l\u00fcn\u00fcn hukukuna&#8221; de\u011fil &#8220;Hukukun g\u00fcc\u00fcne&#8221; dayanan bir d\u00fczen talep ediyor. Bu talep, kurumlar\u0131 kurucu ilkelerine d\u00f6nd\u00fcrmek; i\u015flevsizli\u011fi onar\u0131p adaleti i\u015fler k\u0131lmakt\u0131r. Aksi halde, Birle\u015fmi\u015f Milletler personelinin dahi can verdi\u011fi bir sahada, &#8220;Uluslararas\u0131 toplum&#8221; kavram\u0131 i\u00e7i bo\u015f bir kli\u015feye d\u00f6n\u00fc\u015f\u00fcr&#8221; ifadelerine yer verdi.<\/p>\n<p>&#8220;Amerikan i\u015f adamlar\u0131 adeta T\u00fcrkevi\u2019ne ak\u0131n etti&#8221;<br \/>\n<br \/>Rockefeller Center\u2019daki TASC bulu\u015fmas\u0131nda T\u00fcrk-Amerikan toplumunun dinamizminin salona s\u0131\u011fmad\u0131\u011f\u0131n\u0131 belirten Kasapo\u011flu, &#8220;Cumhurba\u015fkan\u0131m\u0131z\u0131n \u0130slam kar\u015f\u0131tl\u0131\u011f\u0131 ve k\u00fclt\u00fcrel \u0131rk\u00e7\u0131l\u0131k konusundaki uyar\u0131lar\u0131, inan\u00e7 h\u00fcrriyeti standartlar\u0131na ili\u015fkin beklentiyi net bi\u00e7imde ortaya koydu. T\u00fcrkevi\u2019nde i\u015f d\u00fcnyas\u0131yla ger\u00e7ekle\u015fen yuvarlak masa toplant\u0131s\u0131ndaysa, ekonomi diplomasisinin dili berrakla\u015ft\u0131r\u0131ld\u0131. Amerikan i\u015f adamlar\u0131 adeta T\u00fcrkevi\u2019ne ak\u0131n etti. Say\u0131n Cumhurba\u015fkan\u0131m\u0131z \u00e7ok uluslu \u015firketlerin CEO\u2019lar\u0131yla ve \u00fcst d\u00fczey y\u00f6neticileriyle pek \u00e7ok \u00f6nemli g\u00f6r\u00fc\u015fme ger\u00e7ekle\u015ftirdi. Bu g\u00f6r\u00fc\u015fmeler, T\u00fcrkiye\u2019nin b\u00f6lgesindeki yat\u0131r\u0131m \u00fcss\u00fc olma halini peki\u015ftirirken, yat\u0131r\u0131m ekosistemine olan tevecc\u00fch\u00fc de ortaya koydu. 2019\u2019da belirledi\u011fimiz 100 milyar dolarl\u0131k ticaret hedefi ortak kararl\u0131l\u0131klar\u0131 i\u00e7eren somut bir menzil halini ald\u0131. Orta Vadeli Program hedefleri, ye\u015fil ve dijital d\u00f6n\u00fc\u015f\u00fcm ad\u0131mlar\u0131, lojistik kapasitemiz ve tedarik zinciri avantajlar\u0131m\u0131z, yat\u0131r\u0131mc\u0131ya g\u00fcven veren b\u00fct\u00fcnc\u00fcl bir \u00e7er\u00e7evede sunuldu. Savunma, enerji, siber ve uzay ekosistemlerinde kar\u015f\u0131l\u0131kl\u0131 yat\u0131r\u0131mlar\u0131n ve ortak \u00fcretimin \u00f6ne \u00e7\u0131kmas\u0131, 21. y\u00fczy\u0131l\u0131n rekabet ba\u015fl\u0131klar\u0131na T\u00fcrkiye\u2019nin haz\u0131rl\u0131kl\u0131 girdi\u011fini g\u00f6sterdi. Bu \u00e7er\u00e7evenin tamamlay\u0131c\u0131 aya\u011f\u0131 ise Washington oldu. Cumhurba\u015fkan\u0131m\u0131zla ABD Ba\u015fkan\u0131 Donald Trump aras\u0131nda ger\u00e7ekle\u015ftirilen Beyaz Saray\u2019daki g\u00f6r\u00fc\u015fmede ele al\u0131nan savunma tedariki ve modernizasyonu, teknik dosyalar\u0131n \u00e7\u00f6z\u00fcm takvimi, sivil havac\u0131l\u0131kta i\u015f birlikleri, enerji g\u00fcvenli\u011fi ve yeni yat\u0131r\u0131mlar ikili ticaretimizi b\u00fcy\u00fcten kalemlerin \u00f6tesinde bir boyuta ta\u015f\u0131nd\u0131. Bunlar ayn\u0131 zamanda NATO i\u00e7inde y\u00fck payla\u015f\u0131m\u0131n\u0131 rasyonelle\u015ftiren, b\u00f6lgesel cayd\u0131r\u0131c\u0131l\u0131\u011f\u0131 art\u0131ran ve tedarik zincirlerini g\u00fcvenceye alan stratejik s\u00fctunlar olarak \u00f6ne \u00e7\u0131kt\u0131. M\u00fcttefiklik, kriz anlar\u0131nda &#8220;Sorun y\u00f6netimi&#8221; kadar &#8220;f\u0131rsat y\u00f6netimini&#8221; de gerektirir d\u00fc\u015f\u00fcncesiyle; bu g\u00f6r\u00fc\u015fme, pek \u00e7ok farkl\u0131 ba\u015fl\u0131\u011f\u0131n ayn\u0131 masada, ayn\u0131 anda, ayn\u0131 ciddiyetle y\u00fcr\u00fct\u00fclebilece\u011fini g\u00f6sterdi. Bu \u00f6nemli haftay\u0131 geride b\u0131rak\u0131rken, dikkat edilmesi gereken en \u00f6nemli hususun T\u00fcrkiye\u2019nin d\u0131\u015f politikada ortaya koydu\u011fu b\u00fct\u00fcnc\u00fcl tav\u0131r oldu\u011funu ifade etmem gerekir. Gazze meselesinden ABD ile ekonomik ili\u015fkilere, Birle\u015fmi\u015f Milletler sistemine y\u00f6neltilen ele\u015ftirilerden ikili i\u015fbirli\u011fi ba\u015fl\u0131klar\u0131na kadar uzanan geni\u015f yelpaze, asl\u0131nda ayn\u0131 resmin par\u00e7alar\u0131d\u0131r. T\u00fcrkiye, yaln\u0131zca mazlumlar\u0131n sesi olmay\u0131 de\u011fil, ayn\u0131 zamanda k\u00fcresel d\u00fczenin me\u015fruiyetini savunmay\u0131 ve istikrar\u0131n tesis edilmesini de \u00fcstlenmi\u015ftir. Bu da hem vicdan\u0131n hem de akl\u0131n ayn\u0131 anda konu\u015ftu\u011fu bir diplomasi tarz\u0131n\u0131 g\u00f6stermi\u015ftir. Cumhurba\u015fkan\u0131m\u0131z\u0131n BM Genel Kurulu\u2019ndaki konu\u015fmas\u0131nda \u00f6ne \u00e7\u0131kan ilk \u00f6zellik, vicdani s\u00f6ylem ile hukuki s\u00f6ylemin birle\u015fmesiydi. Gazze i\u00e7in dile getirilen ifadeler duygusal tepkiden \u00f6te uluslararas\u0131 hukukun temel maddelerine at\u0131f yapan rasyonel bir \u00e7a\u011fr\u0131 oldu. Bu iki dilin birle\u015fmesi, T\u00fcrkiye\u2019yi sadece &#8220;tepki veren&#8221; de\u011fil, &#8220;\u00e7\u00f6z\u00fcm \u00f6neren&#8221; bir oyun kurucu haline getirdi. \u0130kinci olarak, bu haftan\u0131n \u00e7izdi\u011fi tablo, s\u00fcrd\u00fcr\u00fclebilirlik ile yenili\u011fin yan yana gidebildi\u011fini g\u00f6sterdi. Ekonomide, ticarette, enerjide, savunmada ve yat\u0131r\u0131mlarda s\u00fcreklilik ve a\u00e7\u0131lan yeni alanlar diplomasi haftas\u0131n\u0131n \u00f6ne \u00e7\u0131kan kazan\u0131mlar\u0131 oldu. \u00dc\u00e7\u00fcnc\u00fc olarak, bu hafta boyunca yap\u0131lan temaslar ve verilen mesajlar gerek m\u00fcttefiklikte, gerekse de b\u00f6lgenin istikrar\u0131n\u0131n g\u00fc\u00e7lendirilmesinde \u00f6nemli ad\u0131mlar olarak kayda ge\u00e7ti. Pek \u00e7ok ikili protokolle hedefler somutla\u015ft\u0131r\u0131ld\u0131. T\u00fcrkiye, imza att\u0131\u011f\u0131 protokollerin her birini somut mekanizmalar, tarihler ve izlenebilir ad\u0131mlar \u00fczerinden takip edilmesi gereken meseleler olarak ortaya koydu. Sonu\u00e7 olarak bu haftadan \u00e7\u0131kar\u0131lacak ders \u015fudur: T\u00fcrkiye\u2019nin sesi bir \u00e7a\u011fr\u0131 oldu\u011fu kadar, bir yol haritas\u0131, bir plan ve bir vizyon ifade etmektedir. Gazze\u2019de adalet, BM\u2019de adil temsil ve T\u00fcrkiye\u2013ABD hatt\u0131nda kar\u015f\u0131l\u0131kl\u0131 faydaya dayal\u0131 ortakl\u0131k, ayn\u0131 \u00e7er\u00e7evenin birbiriyle konu\u015fan par\u00e7alar\u0131 haline geldi. T\u00fcrkiye olarak biz, adalet talebini bir g\u00fc\u00e7 g\u00f6sterisi olarak g\u00f6rm\u00fcyoruz. Ayn\u0131 zamanda bir d\u00fczen in\u015fas\u0131n\u0131 gere\u011fi olarak ele al\u0131yoruz. Bu anlay\u0131\u015fla, hukuku i\u015fleten, insani eri\u015fimi a\u00e7an, istikrar\u0131 \u00f6nceleyen, yat\u0131r\u0131m\u0131 h\u0131zland\u0131ran, m\u00fcttefikli\u011fi g\u00fc\u00e7lendiren ad\u0131mlar\u0131 at\u0131yoruz. K\u00fcresel belirsizlikler \u00e7a\u011f\u0131nda herkesin g\u00f6z\u00fc karar veren ve yol a\u00e7an T\u00fcrkiye\u2019ye \u00e7evrildi. Say\u0131n Cumhurba\u015fkan\u0131m\u0131z\u0131n yo\u011fun diplomasi trafi\u011fi ise bir kez daha g\u00f6sterdi ki T\u00fcrkiye y\u00f6n veren stratejik bir akt\u00f6r olarak tarihteki yerini al\u0131yor&#8221; ifadelerini kulland\u0131.<br \/><\/p>\n","protected":false},"excerpt":{"rendered":"<p>\u00d6nceki D\u00f6nem Gen\u00e7lik ve Spor Bakan\u0131, AK Parti \u0130zmir Milletvekili, T\u00fcrkiye-ABD Parlamentolar Aras\u0131 Dostluk Grubu Ba\u015fkan\u0131 Dr. Mehmet Kasapo\u011flu New York ve Washington\u2019da ger\u00e7ekle\u015fen g\u00f6r\u00fc\u015fmelerle ilgili bir makale kaleme ald\u0131. Dr. Kasapo\u011flu, T\u00fcrk\u00e7e ve \u0130ngilizce olarak yay\u0131nlanan makalesinde; &#8220;21- 25 Eyl\u00fcl aras\u0131nda New York ve Washington hatt\u0131nda ge\u00e7en programlarda, sadece diplomasi protokolleri de\u011fil, somut sonu\u00e7&#8230;<\/p>\n","protected":false},"author":1,"featured_media":58044,"comment_status":"open","ping_status":"open","sticky":false,"template":"","format":"standard","meta":{"_crdt_document":"","footnotes":""},"categories":[127],"tags":[],"class_list":["post-58043","post","type-post","status-publish","format-standard","has-post-thumbnail","hentry","category-siyaset"],"_links":{"self":[{"href":"https:\/\/www.egemtv.com\/index.php?rest_route=\/wp\/v2\/posts\/58043","targetHints":{"allow":["GET"]}}],"collection":[{"href":"https:\/\/www.egemtv.com\/index.php?rest_route=\/wp\/v2\/posts"}],"about":[{"href":"https:\/\/www.egemtv.com\/index.php?rest_route=\/wp\/v2\/types\/post"}],"author":[{"embeddable":true,"href":"https:\/\/www.egemtv.com\/index.php?rest_route=\/wp\/v2\/users\/1"}],"replies":[{"embeddable":true,"href":"https:\/\/www.egemtv.com\/index.php?rest_route=%2Fwp%2Fv2%2Fcomments&post=58043"}],"version-history":[{"count":1,"href":"https:\/\/www.egemtv.com\/index.php?rest_route=\/wp\/v2\/posts\/58043\/revisions"}],"predecessor-version":[{"id":58045,"href":"https:\/\/www.egemtv.com\/index.php?rest_route=\/wp\/v2\/posts\/58043\/revisions\/58045"}],"wp:featuredmedia":[{"embeddable":true,"href":"https:\/\/www.egemtv.com\/index.php?rest_route=\/wp\/v2\/media\/58044"}],"wp:attachment":[{"href":"https:\/\/www.egemtv.com\/index.php?rest_route=%2Fwp%2Fv2%2Fmedia&parent=58043"}],"wp:term":[{"taxonomy":"category","embeddable":true,"href":"https:\/\/www.egemtv.com\/index.php?rest_route=%2Fwp%2Fv2%2Fcategories&post=58043"},{"taxonomy":"post_tag","embeddable":true,"href":"https:\/\/www.egemtv.com\/index.php?rest_route=%2Fwp%2Fv2%2Ftags&post=58043"}],"curies":[{"name":"wp","href":"https:\/\/api.w.org\/{rel}","templated":true}]}}