{"id":58040,"date":"2025-09-29T12:15:07","date_gmt":"2025-09-29T09:15:07","guid":{"rendered":"https:\/\/www.egemtv.com\/?p=58040"},"modified":"2025-09-29T12:15:08","modified_gmt":"2025-09-29T09:15:08","slug":"manisali-sehit-aileleri-ve-gazilerden-cigli-2-hava-ussune-anlamli-ziyaret","status":"publish","type":"post","link":"https:\/\/www.egemtv.com\/?p=58040","title":{"rendered":"Manisal\u0131 \u015fehit aileleri ve gazilerden \u00c7i\u011fli 2. Hava \u00dcss\u00fc\u2019ne anlaml\u0131 ziyaret"},"content":{"rendered":"<p>T\u00fcrkiye Harp Malul\u00fc Gaziler, \u015eehit Dul ve Yetimleri Derne\u011fi Manisa \u015eubesi organizasyonuyla Manisal\u0131 \u015fehit aileleri ve kahraman gaziler, \u00e7ocuklar\u0131yla birlikte \u0130zmir \u00c7i\u011fli 2. Hava Ana Jet \u00dcss\u00fc Komutanl\u0131\u011f\u0131\u2019n\u0131 ziyaret etti.<br \/>\n<br \/>\u00dcs i\u00e7indeki filo alanlar\u0131n\u0131 gezen \u015fehit aileleri, gaziler ve \u00e7ocuklar\u0131, Hava Kuvvetleri b\u00fcnyesinde g\u00f6rev yapan \u00e7e\u015fitli u\u00e7aklar\u0131 yak\u0131ndan g\u00f6rme f\u0131rsat\u0131 buldu. Ziyaret s\u0131ras\u0131nda u\u00e7aklar\u0131n teknik \u00f6zellikleri, g\u00f6rev alanlar\u0131 ve kullan\u0131m ama\u00e7lar\u0131 hakk\u0131nda uzman personel taraf\u0131ndan detayl\u0131 bilgiler aktar\u0131ld\u0131.<br \/>\n<br \/>Ayr\u0131ca kat\u0131l\u0131mc\u0131lara, Hava Kuvvetlerinin stratejik \u00f6nemi, hava \u00fcst\u00fcnl\u00fc\u011f\u00fcn\u00fcn vatan savunmas\u0131ndaki yeri ve pilotluk mesle\u011finin sorumluluklar\u0131 konusunda da bilgilendirme yap\u0131ld\u0131. \u00c7ocuklar, pilotlar\u0131n disiplin ve cesaret dolu g\u00f6revlerini yak\u0131ndan tan\u0131ma imkan\u0131 elde etti.<br \/>\n<br \/>Dernek Ba\u015fkan\u0131 Gazi Yusuf K\u0131y\u0131\u015fkan, ziyaretin kendileri i\u00e7in b\u00fcy\u00fck anlam ta\u015f\u0131d\u0131\u011f\u0131n\u0131 ifade ederek, &#8220;\u015eehitlerimizin ve gazilerimizin aileleriyle birlikte, onlar\u0131n emaneti evlatlar\u0131m\u0131z\u0131 da bu anlaml\u0131 ziyarette g\u00f6rmek bizler i\u00e7in gurur kayna\u011f\u0131d\u0131r. \u00c7i\u011fli 2. Hava Ana Jet \u00dcss\u00fc\u2019nde g\u00f6rd\u00fc\u011f\u00fcm\u00fcz fedakarl\u0131k, teknik g\u00fc\u00e7 ve y\u00fcksek disiplin, hem bizlere g\u00fcven vermi\u015f hem de gelece\u011fimiz olan \u00e7ocuklar\u0131m\u0131za ilham olmu\u015ftur. G\u00f6k Vatan\u2019\u0131n bek\u00e7ileri olan kahraman Mehmet\u00e7iklerimizi ve pilotlar\u0131m\u0131z\u0131 y\u00fcrekten selaml\u0131yoruz&#8221; dedi.<br \/>\n<br \/>Manisal\u0131 \u015fehit aileleri ve gaziler, organizasyona verdikleri destekten dolay\u0131 Milli Savunma Bakanl\u0131\u011f\u0131na ve \u00c7i\u011fli 2. Hava Ana Jet \u00dcss\u00fc Komutanl\u0131\u011f\u0131na te\u015fekk\u00fcrlerini iletti.<br \/><\/p>\n","protected":false},"excerpt":{"rendered":"<p>T\u00fcrkiye Harp Malul\u00fc Gaziler, \u015eehit Dul ve Yetimleri Derne\u011fi Manisa \u015eubesi organizasyonuyla Manisal\u0131 \u015fehit aileleri ve kahraman gaziler, \u00e7ocuklar\u0131yla birlikte \u0130zmir \u00c7i\u011fli 2. Hava Ana Jet \u00dcss\u00fc Komutanl\u0131\u011f\u0131\u2019n\u0131 ziyaret etti. \u00dcs i\u00e7indeki filo alanlar\u0131n\u0131 gezen \u015fehit aileleri, gaziler ve \u00e7ocuklar\u0131, Hava Kuvvetleri b\u00fcnyesinde g\u00f6rev yapan \u00e7e\u015fitli u\u00e7aklar\u0131 yak\u0131ndan g\u00f6rme f\u0131rsat\u0131 buldu. Ziyaret s\u0131ras\u0131nda u\u00e7aklar\u0131n teknik&#8230;<\/p>\n","protected":false},"author":1,"featured_media":58041,"comment_status":"open","ping_status":"open","sticky":false,"template":"","format":"standard","meta":{"_crdt_document":"","footnotes":""},"categories":[123],"tags":[],"class_list":["post-58040","post","type-post","status-publish","format-standard","has-post-thumbnail","hentry","category-gundem"],"_links":{"self":[{"href":"https:\/\/www.egemtv.com\/index.php?rest_route=\/wp\/v2\/posts\/58040","targetHints":{"allow":["GET"]}}],"collection":[{"href":"https:\/\/www.egemtv.com\/index.php?rest_route=\/wp\/v2\/posts"}],"about":[{"href":"https:\/\/www.egemtv.com\/index.php?rest_route=\/wp\/v2\/types\/post"}],"author":[{"embeddable":true,"href":"https:\/\/www.egemtv.com\/index.php?rest_route=\/wp\/v2\/users\/1"}],"replies":[{"embeddable":true,"href":"https:\/\/www.egemtv.com\/index.php?rest_route=%2Fwp%2Fv2%2Fcomments&post=58040"}],"version-history":[{"count":1,"href":"https:\/\/www.egemtv.com\/index.php?rest_route=\/wp\/v2\/posts\/58040\/revisions"}],"predecessor-version":[{"id":58042,"href":"https:\/\/www.egemtv.com\/index.php?rest_route=\/wp\/v2\/posts\/58040\/revisions\/58042"}],"wp:featuredmedia":[{"embeddable":true,"href":"https:\/\/www.egemtv.com\/index.php?rest_route=\/wp\/v2\/media\/58041"}],"wp:attachment":[{"href":"https:\/\/www.egemtv.com\/index.php?rest_route=%2Fwp%2Fv2%2Fmedia&parent=58040"}],"wp:term":[{"taxonomy":"category","embeddable":true,"href":"https:\/\/www.egemtv.com\/index.php?rest_route=%2Fwp%2Fv2%2Fcategories&post=58040"},{"taxonomy":"post_tag","embeddable":true,"href":"https:\/\/www.egemtv.com\/index.php?rest_route=%2Fwp%2Fv2%2Ftags&post=58040"}],"curies":[{"name":"wp","href":"https:\/\/api.w.org\/{rel}","templated":true}]}}