{"id":58037,"date":"2025-09-29T12:15:05","date_gmt":"2025-09-29T09:15:05","guid":{"rendered":"https:\/\/www.egemtv.com\/?p=58037"},"modified":"2025-09-29T12:15:06","modified_gmt":"2025-09-29T09:15:06","slug":"takla-atan-otomobilde-sans-eseri-olen-ya-da-yaralanan-olmadi","status":"publish","type":"post","link":"https:\/\/www.egemtv.com\/?p=58037","title":{"rendered":"Takla atan otomobilde \u015fans eseri \u00f6len ya da yaralanan olmad\u0131"},"content":{"rendered":"<p>Afyonkarahisar\u2019da sokak aras\u0131nda ya\u015fanan trafik kazas\u0131nda kald\u0131r\u0131ma \u00e7arparak kontrolden \u00e7\u0131kan bir otomobil takla att\u0131, kazada \u015fans eseri \u00f6len ya da yaralanan olmad\u0131.<br \/>\n<br \/>Kaza, Dinar il\u00e7esi Camikebir Mahallesi\u2019nde meydana geldi. Edinilen bilgilere g\u00f6re,  03 EC 101 plakal\u0131 otomobil hen\u00fcz belirlenemeyen bir sebepten \u00f6t\u00fcr\u00fc s\u00fcr\u00fcc\u00fcs\u00fcn\u00fcn direksiyonu hakimiyetini kaybetmesi sonucu kontrolden \u00e7\u0131kt\u0131. Otomobil yol kenar\u0131ndaki kald\u0131r\u0131ma \u00e7arp\u0131p takla att\u0131. Kazada \u015fans eseri \u00f6len ya da yaralanan olmad\u0131. Kazan\u0131n meydana geldi\u011fi sokakta b\u00fcy\u00fck panik ya\u015fan\u0131rken, otomobilin ters d\u00f6nd\u00fc\u011f\u00fc b\u00f6lgeden \u00e7ekici yard\u0131m\u0131yla kald\u0131r\u0131lmas\u0131n\u0131n ard\u0131ndan yoldaki trafik normale d\u00f6nd\u00fc.<br \/><\/p>\n","protected":false},"excerpt":{"rendered":"<p>Afyonkarahisar\u2019da sokak aras\u0131nda ya\u015fanan trafik kazas\u0131nda kald\u0131r\u0131ma \u00e7arparak kontrolden \u00e7\u0131kan bir otomobil takla att\u0131, kazada \u015fans eseri \u00f6len ya da yaralanan olmad\u0131. Kaza, Dinar il\u00e7esi Camikebir Mahallesi\u2019nde meydana geldi. Edinilen bilgilere g\u00f6re, 03 EC 101 plakal\u0131 otomobil hen\u00fcz belirlenemeyen bir sebepten \u00f6t\u00fcr\u00fc s\u00fcr\u00fcc\u00fcs\u00fcn\u00fcn direksiyonu hakimiyetini kaybetmesi sonucu kontrolden \u00e7\u0131kt\u0131. Otomobil yol kenar\u0131ndaki kald\u0131r\u0131ma \u00e7arp\u0131p takla&#8230;<\/p>\n","protected":false},"author":1,"featured_media":58038,"comment_status":"open","ping_status":"open","sticky":false,"template":"","format":"standard","meta":{"_crdt_document":"","footnotes":""},"categories":[5],"tags":[],"class_list":["post-58037","post","type-post","status-publish","format-standard","has-post-thumbnail","hentry","category-asayis"],"_links":{"self":[{"href":"https:\/\/www.egemtv.com\/index.php?rest_route=\/wp\/v2\/posts\/58037","targetHints":{"allow":["GET"]}}],"collection":[{"href":"https:\/\/www.egemtv.com\/index.php?rest_route=\/wp\/v2\/posts"}],"about":[{"href":"https:\/\/www.egemtv.com\/index.php?rest_route=\/wp\/v2\/types\/post"}],"author":[{"embeddable":true,"href":"https:\/\/www.egemtv.com\/index.php?rest_route=\/wp\/v2\/users\/1"}],"replies":[{"embeddable":true,"href":"https:\/\/www.egemtv.com\/index.php?rest_route=%2Fwp%2Fv2%2Fcomments&post=58037"}],"version-history":[{"count":1,"href":"https:\/\/www.egemtv.com\/index.php?rest_route=\/wp\/v2\/posts\/58037\/revisions"}],"predecessor-version":[{"id":58039,"href":"https:\/\/www.egemtv.com\/index.php?rest_route=\/wp\/v2\/posts\/58037\/revisions\/58039"}],"wp:featuredmedia":[{"embeddable":true,"href":"https:\/\/www.egemtv.com\/index.php?rest_route=\/wp\/v2\/media\/58038"}],"wp:attachment":[{"href":"https:\/\/www.egemtv.com\/index.php?rest_route=%2Fwp%2Fv2%2Fmedia&parent=58037"}],"wp:term":[{"taxonomy":"category","embeddable":true,"href":"https:\/\/www.egemtv.com\/index.php?rest_route=%2Fwp%2Fv2%2Fcategories&post=58037"},{"taxonomy":"post_tag","embeddable":true,"href":"https:\/\/www.egemtv.com\/index.php?rest_route=%2Fwp%2Fv2%2Ftags&post=58037"}],"curies":[{"name":"wp","href":"https:\/\/api.w.org\/{rel}","templated":true}]}}