{"id":58034,"date":"2025-09-29T11:55:56","date_gmt":"2025-09-29T08:55:56","guid":{"rendered":"https:\/\/www.egemtv.com\/?p=58034"},"modified":"2025-09-29T11:55:57","modified_gmt":"2025-09-29T08:55:57","slug":"emet-yagcik-koyunde-asirlardir-eski-usulle-uzum-pekmezi-yapimi-gelenegi-surduruluyor","status":"publish","type":"post","link":"https:\/\/www.egemtv.com\/?p=58034","title":{"rendered":"Emet Ya\u011fc\u0131k k\u00f6y\u00fcnde as\u0131rlard\u0131r eski usulle \u00fcz\u00fcm pekmezi yap\u0131m\u0131 gelene\u011fi s\u00fcrd\u00fcr\u00fcl\u00fcyor"},"content":{"rendered":"<p>K\u00fctahya\u2019n\u0131n Emet il\u00e7esine ba\u011fl\u0131 Ya\u011fc\u0131k k\u00f6y\u00fcnde eski usulle \u00fcz\u00fcm pekmezi yap\u0131m\u0131 gelene\u011finin bu y\u0131lda devam etti.<br \/>\n<br \/>K\u00f6y Muhtar\u0131 S\u00fcleyman \u00d6zt\u00fcrk, pekmez \u00fcretim evinde as\u0131rlardan beri devam eden eski usulle \u00fcz\u00fcm pekmezi yap\u0131m\u0131 gelene\u011fini devam ettirdiklerini s\u00f6yledi.<br \/>\n<br \/>Daha eski zamanlarda pekmez yap\u0131m\u0131ndan \u00f6nce a\u011fda tatl\u0131s\u0131 yap\u0131ld\u0131\u011f\u0131n\u0131 kaydeden Muhtar \u00d6zt\u00fcrk, &#8220;Zamanla k\u00f6yde a\u011fda yap\u0131m\u0131n\u0131n yerini \u00fcz\u00fcm ba\u011flar\u0131n\u0131n da \u00e7o\u011falmas\u0131yla halk pekmez yap\u0131m\u0131na y\u00f6nelmi\u015f. Bizde k\u00f6yl\u00fcler olarak as\u0131rlardan beri bu gelene\u011fi s\u00fcrd\u00fcr\u00fcyoruz. Ba\u011f bozumu zaman\u0131 geldi\u011finde ba\u011flardan toplad\u0131\u011f\u0131m\u0131z \u00fcz\u00fcmleri makinede ezdikten sonra elde etti\u011fimiz \u00fcz\u00fcm \u015f\u0131ras\u0131n\u0131 s\u00fcz\u00fcp, pekmeze tad\u0131n\u0131 veren topra\u011f\u0131 da i\u00e7ine kar\u0131\u015ft\u0131r\u0131p kazanlara dolduruyoruz. Daha sonra kazandaki \u015f\u0131ralar\u0131 pekmez \u00fcretim evinin i\u00e7ine yak\u0131lan ate\u015fin \u00fczerine koyarak kestirme i\u015flemini ger\u00e7ekle\u015ftiriyor, k\u00f6p\u00fcren \u015f\u0131ray\u0131 temiz kazanlara al\u0131yoruz. \u015e\u0131ra 24 saat kazanlarda dinlendikten sonra posas\u0131 dibine \u00e7\u00f6k\u00fcyor. S\u00fczd\u00fc\u011f\u00fcm\u00fcz \u015f\u0131ralar\u0131 kaynatmaya al\u0131yoruz. 4 saat kadar kaynat\u0131lan \u015f\u0131ra halindeki \u00fcz\u00fcm sular\u0131 pekmez k\u0131vam\u0131na geldi\u011finde ate\u015ften al\u0131p so\u011futma havuzlar\u0131nda kar\u0131\u015ft\u0131r\u0131p yap\u0131\u015fmas\u0131n\u0131 ve kesilmesini \u00f6nl\u00fcyoruz. Elde etti\u011fimiz \u00fcz\u00fcm pekmezini k\u0131\u015f\u0131n t\u00fcketmek \u00fczere kavanozlara dolduruyoruz. Artan pekmezi de sat\u0131yoruz. K\u00f6y\u00fcm\u00fcz\u00fcn pekmez \u00fcretim evine \u00fcz\u00fcm s\u0131kma makinesini kazand\u0131rd\u0131klar\u0131 i\u00e7in Emet Kaymakam\u0131m\u0131z Mehmet Alperen Ba\u015fkapan\u2019a \u00e7ok te\u015fekk\u00fcr ediyorum&#8221; dedi.<br \/>\n<br \/>Ya\u011fc\u0131k k\u00f6y\u00fcnde eski d\u00f6nemlerde hemen hemen b\u00fct\u00fcn ailelerin \u00fcz\u00fcm ba\u011f\u0131 oldu\u011funu s\u00f6yleyen pekmez \u00fcreticilerinden \u00c7etin \u00c7elik, &#8221; Bizlerin dedeleri, onlar\u0131n babalar\u0131 o d\u00f6nemlerde pekmez yapm\u0131\u015flar. O zamanlar satma s\u00f6z konusu olmad\u0131\u011f\u0131 i\u00e7in ilk etapta kendi t\u00fcketecekleri pekmezi \u00fcretmi\u015fler. Bahsetti\u011fimiz y\u0131llar \u00fclkenin ekonomik olarak s\u0131k\u0131nt\u0131da oldu\u011fu y\u0131llar. O d\u00f6nem ba\u011fc\u0131l\u0131k ve pekmez \u00e7ok de\u011ferliymi\u015f. Benim i\u00e7in pekmez yap\u0131m\u0131 ekonomik beklentiden ziyade bir hobi. Dedelerimizin yeti\u015ftirdi\u011fi \u00fcz\u00fcm ba\u011flar\u0131n\u0131n devam etmesi d\u00fc\u015f\u00fcncesiyle pekmez yap\u0131m\u0131n\u0131 s\u00fcrd\u00fcr\u00fcyoruz&#8221; diye konu\u015ftu.<br \/><\/p>\n","protected":false},"excerpt":{"rendered":"<p>K\u00fctahya\u2019n\u0131n Emet il\u00e7esine ba\u011fl\u0131 Ya\u011fc\u0131k k\u00f6y\u00fcnde eski usulle \u00fcz\u00fcm pekmezi yap\u0131m\u0131 gelene\u011finin bu y\u0131lda devam etti. K\u00f6y Muhtar\u0131 S\u00fcleyman \u00d6zt\u00fcrk, pekmez \u00fcretim evinde as\u0131rlardan beri devam eden eski usulle \u00fcz\u00fcm pekmezi yap\u0131m\u0131 gelene\u011fini devam ettirdiklerini s\u00f6yledi. Daha eski zamanlarda pekmez yap\u0131m\u0131ndan \u00f6nce a\u011fda tatl\u0131s\u0131 yap\u0131ld\u0131\u011f\u0131n\u0131 kaydeden Muhtar \u00d6zt\u00fcrk, &#8220;Zamanla k\u00f6yde a\u011fda yap\u0131m\u0131n\u0131n yerini \u00fcz\u00fcm ba\u011flar\u0131n\u0131n&#8230;<\/p>\n","protected":false},"author":1,"featured_media":58035,"comment_status":"open","ping_status":"open","sticky":false,"template":"","format":"standard","meta":{"_crdt_document":"","footnotes":""},"categories":[125],"tags":[],"class_list":["post-58034","post","type-post","status-publish","format-standard","has-post-thumbnail","hentry","category-ekonomi"],"_links":{"self":[{"href":"https:\/\/www.egemtv.com\/index.php?rest_route=\/wp\/v2\/posts\/58034","targetHints":{"allow":["GET"]}}],"collection":[{"href":"https:\/\/www.egemtv.com\/index.php?rest_route=\/wp\/v2\/posts"}],"about":[{"href":"https:\/\/www.egemtv.com\/index.php?rest_route=\/wp\/v2\/types\/post"}],"author":[{"embeddable":true,"href":"https:\/\/www.egemtv.com\/index.php?rest_route=\/wp\/v2\/users\/1"}],"replies":[{"embeddable":true,"href":"https:\/\/www.egemtv.com\/index.php?rest_route=%2Fwp%2Fv2%2Fcomments&post=58034"}],"version-history":[{"count":1,"href":"https:\/\/www.egemtv.com\/index.php?rest_route=\/wp\/v2\/posts\/58034\/revisions"}],"predecessor-version":[{"id":58036,"href":"https:\/\/www.egemtv.com\/index.php?rest_route=\/wp\/v2\/posts\/58034\/revisions\/58036"}],"wp:featuredmedia":[{"embeddable":true,"href":"https:\/\/www.egemtv.com\/index.php?rest_route=\/wp\/v2\/media\/58035"}],"wp:attachment":[{"href":"https:\/\/www.egemtv.com\/index.php?rest_route=%2Fwp%2Fv2%2Fmedia&parent=58034"}],"wp:term":[{"taxonomy":"category","embeddable":true,"href":"https:\/\/www.egemtv.com\/index.php?rest_route=%2Fwp%2Fv2%2Fcategories&post=58034"},{"taxonomy":"post_tag","embeddable":true,"href":"https:\/\/www.egemtv.com\/index.php?rest_route=%2Fwp%2Fv2%2Ftags&post=58034"}],"curies":[{"name":"wp","href":"https:\/\/api.w.org\/{rel}","templated":true}]}}