{"id":58031,"date":"2025-09-29T11:35:51","date_gmt":"2025-09-29T08:35:51","guid":{"rendered":"https:\/\/www.egemtv.com\/?p=58031"},"modified":"2025-09-29T11:35:53","modified_gmt":"2025-09-29T08:35:53","slug":"burdurda-tarih-eser-operasyonu","status":"publish","type":"post","link":"https:\/\/www.egemtv.com\/?p=58031","title":{"rendered":"Burdur\u2019da tarih eser operasyonu"},"content":{"rendered":"<p>Burdur\u2019un Bucak il\u00e7esinde jandarma ekiplerinin K\u00fclt\u00fcr ve Tabiat Varl\u0131klar\u0131 miras\u0131n\u0131n korunmas\u0131na y\u00f6nelik \u00e7al\u0131\u015fmalar\u0131 neticesinde 3 adet el yap\u0131m\u0131 kitap ve 1 adet muhtelif tarihi eser ele ge\u00e7irildi.<br \/>\n<br \/>Edinilen bilgiye g\u00f6re, Burdur \u0130l Jandarma Komutanl\u0131\u011f\u0131 ekipleri taraf\u0131ndan Bucak Cumhuriyet Ba\u015fsavc\u0131l\u0131\u011f\u0131 ile koordineli olarak, K\u00fclt\u00fcr ve Tabiat Varl\u0131klar\u0131 miras\u0131n\u0131n korunmas\u0131na y\u00f6nelik \u00e7al\u0131\u015fmalar\u0131n\u0131 s\u00fcrd\u00fcr\u00fcyor. Bu \u00e7er\u00e7evede icra edilen operasyonda 3 adet el yap\u0131m\u0131 kitap, 1 adet muhtelif tarihi eser ele ge\u00e7irildi. Olayla ilgili 3 \u015f\u00fcpheli \u015fah\u0131s hakk\u0131nda adli i\u015flem ba\u015flat\u0131ld\u0131.<br \/><\/p>\n","protected":false},"excerpt":{"rendered":"<p>Burdur\u2019un Bucak il\u00e7esinde jandarma ekiplerinin K\u00fclt\u00fcr ve Tabiat Varl\u0131klar\u0131 miras\u0131n\u0131n korunmas\u0131na y\u00f6nelik \u00e7al\u0131\u015fmalar\u0131 neticesinde 3 adet el yap\u0131m\u0131 kitap ve 1 adet muhtelif tarihi eser ele ge\u00e7irildi. Edinilen bilgiye g\u00f6re, Burdur \u0130l Jandarma Komutanl\u0131\u011f\u0131 ekipleri taraf\u0131ndan Bucak Cumhuriyet Ba\u015fsavc\u0131l\u0131\u011f\u0131 ile koordineli olarak, K\u00fclt\u00fcr ve Tabiat Varl\u0131klar\u0131 miras\u0131n\u0131n korunmas\u0131na y\u00f6nelik \u00e7al\u0131\u015fmalar\u0131n\u0131 s\u00fcrd\u00fcr\u00fcyor. Bu \u00e7er\u00e7evede icra edilen&#8230;<\/p>\n","protected":false},"author":1,"featured_media":58032,"comment_status":"open","ping_status":"open","sticky":false,"template":"","format":"standard","meta":{"_crdt_document":"","footnotes":""},"categories":[5],"tags":[],"class_list":["post-58031","post","type-post","status-publish","format-standard","has-post-thumbnail","hentry","category-asayis"],"_links":{"self":[{"href":"https:\/\/www.egemtv.com\/index.php?rest_route=\/wp\/v2\/posts\/58031","targetHints":{"allow":["GET"]}}],"collection":[{"href":"https:\/\/www.egemtv.com\/index.php?rest_route=\/wp\/v2\/posts"}],"about":[{"href":"https:\/\/www.egemtv.com\/index.php?rest_route=\/wp\/v2\/types\/post"}],"author":[{"embeddable":true,"href":"https:\/\/www.egemtv.com\/index.php?rest_route=\/wp\/v2\/users\/1"}],"replies":[{"embeddable":true,"href":"https:\/\/www.egemtv.com\/index.php?rest_route=%2Fwp%2Fv2%2Fcomments&post=58031"}],"version-history":[{"count":1,"href":"https:\/\/www.egemtv.com\/index.php?rest_route=\/wp\/v2\/posts\/58031\/revisions"}],"predecessor-version":[{"id":58033,"href":"https:\/\/www.egemtv.com\/index.php?rest_route=\/wp\/v2\/posts\/58031\/revisions\/58033"}],"wp:featuredmedia":[{"embeddable":true,"href":"https:\/\/www.egemtv.com\/index.php?rest_route=\/wp\/v2\/media\/58032"}],"wp:attachment":[{"href":"https:\/\/www.egemtv.com\/index.php?rest_route=%2Fwp%2Fv2%2Fmedia&parent=58031"}],"wp:term":[{"taxonomy":"category","embeddable":true,"href":"https:\/\/www.egemtv.com\/index.php?rest_route=%2Fwp%2Fv2%2Fcategories&post=58031"},{"taxonomy":"post_tag","embeddable":true,"href":"https:\/\/www.egemtv.com\/index.php?rest_route=%2Fwp%2Fv2%2Ftags&post=58031"}],"curies":[{"name":"wp","href":"https:\/\/api.w.org\/{rel}","templated":true}]}}