{"id":58028,"date":"2025-09-29T11:35:50","date_gmt":"2025-09-29T08:35:50","guid":{"rendered":"https:\/\/www.egemtv.com\/?p=58028"},"modified":"2025-09-29T11:35:51","modified_gmt":"2025-09-29T08:35:51","slug":"egede-ufuk-ocak-ruzgari-esti","status":"publish","type":"post","link":"https:\/\/www.egemtv.com\/?p=58028","title":{"rendered":"Ege\u2019de Ufuk Ocak r\u00fczgar\u0131 esti"},"content":{"rendered":"<p>T\u00fcrkiye Ev Tekstili Sanayicileri ve \u0130\u015f \u0130nsanlar\u0131 Derne\u011fi (TETS\u0130AD) Y\u00f6netim Kurulu Ba\u015fkan Yard\u0131mc\u0131s\u0131 ve Ba\u015fkan Aday\u0131 Ufuk Ocak, se\u00e7im \u00e7al\u0131\u015fmalar\u0131 kapsam\u0131nda ziyaret etti\u011fi \u0130zmir\u2019de sekt\u00f6r temsilcilerinden destek ald\u0131.<br \/>\n<br \/>Ocak, ev tekstilinde &#8220;Senden \u0130hracat\u00e7\u0131 Olur&#8221; mottosuyla ihracat seferberli\u011fi ba\u015flatacaklar\u0131n\u0131 belirterek, &#8220;Hen\u00fcz ihracat yapmam\u0131\u015f firmalar\u0131m\u0131z\u0131n bu yolculu\u011fa g\u00fcvenle \u00e7\u0131kabilmeleri i\u00e7in ilk ad\u0131mlar\u0131nda onlara rehberlik edece\u011fiz. Mikro ihracat alan\u0131nda da sekt\u00f6re yeni f\u0131rsatlar sunacak \u00f6nemli anla\u015fmalar haz\u0131rl\u0131yoruz.&#8221; dedi.<br \/>\n<br \/>\u0130zmir Ticaret Odas\u0131 Teras Restoran\u2019daki Ev Tekstili Birlik Platformu \u0130zmir Bulu\u015fmas\u0131\u2019na Ege \u0130hracat\u00e7\u0131 Birlikleri Koordinat\u00f6r Ba\u015fkan\u0131 Jak Eskinazi, Denizli \u0130hracat\u00e7\u0131lar Birli\u011fi (DEN\u0130B) Y\u00f6netim Kurulu Ba\u015fkan\u0131 H\u00fcseyin Memi\u015fo\u011flu, Bursa Ticaret ve Sanayi Odas\u0131 (BTSO) ve KFA Fuarc\u0131l\u0131k Y\u00f6netim Kurulu Ba\u015fkan\u0131 \u0130brahim Burkay, Ege Haz\u0131rgiyim ve Konfeksiyon \u0130hracat\u00e7\u0131lar\u0131 Birli\u011fi Ba\u015fkan\u0131 Burak Sertba\u015f, Ege B\u00f6lgesi Sanayi Odas\u0131 (EBSO) Meclis \u00dcyesi Fatih G\u00fcven, TETS\u0130AD Y\u00f6netim Kurulu \u00dcyeleri, \u00e7al\u0131\u015fma gruplar\u0131 temsilcileri ve \u0130zmir\u2019deki TETS\u0130AD \u00dcyeleri kat\u0131ld\u0131.<\/p>\n<p>&#8220;T\u00fcm T\u00fcrkiye\u2019yi dola\u015f\u0131yoruz&#8221;<br \/>\n<br \/>TETS\u0130AD Ba\u015fkan Aday\u0131 Ufuk Ocak, \u0130zmir\u2019de yapt\u0131\u011f\u0131 konu\u015fmada sekt\u00f6re ve derne\u011fe katk\u0131 sunmak i\u00e7in yola \u00e7\u0131kt\u0131\u011f\u0131n\u0131 belirterek \u00f6nemli mesajlar verdi. Se\u00e7im \u00e7al\u0131\u015fmalar\u0131 kapsam\u0131nda t\u00fcm T\u00fcrkiye\u2019yi dola\u015ft\u0131klar\u0131n\u0131 belirten Ocak, &#8220;Y\u00f6netim kurulu karar\u0131yla aday g\u00f6sterildikten sonra \u00e7al\u0131\u015fmalar\u0131m\u0131za ba\u015flad\u0131k. T\u00fcm T\u00fcrkiye\u2019de ticaret ve sanayi odalar\u0131, ihracat\u00e7\u0131 birlikleri, sivil toplum kurulu\u015flar\u0131 ve \u00fcyelerimiz ile bir araya geliyor, desteklerini al\u0131yoruz. \u0130stanbul, Ankara, Bursa, Denizli, U\u015fak ve son olarak \u0130zmir\u2019e geldik. \u00d6n\u00fcm\u00fczdeki g\u00fcnlerde Gaziantep ve Kayseri ziyaretlerimiz olacak. 8 Ekim\u2019de \u0130stanbul\u2019da b\u00fcy\u00fck bulu\u015fmam\u0131z var, hepinizi davet ediyorum.&#8221; dedi.<\/p>\n<p>&#8220;Sekt\u00f6re 6,3 milyon dolar\u0131 geri kazand\u0131rd\u0131k&#8221;<br \/>\n<br \/>Ocak, y\u00f6netim olarak bug\u00fcne kadar yapt\u0131klar\u0131 \u00e7al\u0131\u015fmalar\u0131 da anlatt\u0131. TETS\u0130AD\u2019\u0131n fuar organizat\u00f6r \u015firketi konusunda b\u00fcy\u00fck sorunlar ya\u015fad\u0131\u011f\u0131n\u0131 belirten Ocak, &#8220;Derne\u011fimiz ge\u00e7mi\u015fte \u00e7ok sorunlu bir \u015firketle kar\u015f\u0131 kar\u015f\u0131yayd\u0131. Fuar\u0131m\u0131z\u0131 bu \u015firketten kurtard\u0131k ve KFA Fuarc\u0131l\u0131k ile y\u00f6netimi tamamen bize ait olan HOMETEX\u2019i sekt\u00f6r\u00fcm\u00fcze kazand\u0131rd\u0131k. Fuar iptali nedeniyle olu\u015fan 6 milyon 300 bin dolarl\u0131k \u00fccreti 4 y\u0131l i\u00e7inde firmalar\u0131m\u0131za iade ettik. HOMETEX\u2019in tan\u0131t\u0131m \u00e7al\u0131\u015fmalar\u0131n\u0131 farkl\u0131 bir boyuta ta\u015f\u0131d\u0131k. Almanya\u2019da, \u0130talya\u2019da bir\u00e7ok yerde reklam \u00e7al\u0131\u015fmalar\u0131 yap\u0131yoruz.&#8221; dedi.<\/p>\n<p>&#8220;Te\u015fvikler 4 kat\u0131na \u00e7\u0131kt\u0131&#8221;<br \/>\n<br \/>Ocak, HOMETEX fuar\u0131 ve devlet desteklerine ili\u015fkin bilgiler de verdi: Ocak, &#8220;HOMETEX i\u00e7in al\u0131nan devlet te\u015fvi\u011fi 300 bin TL\u2019ydi. Giri\u015fimlerimiz sonucunda 2026\u2019da bu rakam 1 milyon 300 bin TL\u2019ye y\u00fckseliyor. Bu art\u0131\u015f fuara kat\u0131lacak \u00fcyelerimize b\u00fcy\u00fck moral olacak.&#8221; dedi. \u00dcyelere finansal a\u00e7\u0131dan destek sa\u011flamak \u00fczere kargo anla\u015fmalar\u0131 yapt\u0131klar\u0131n\u0131 ve 250 milyon TL\u2019ye varan destek sa\u011flad\u0131klar\u0131n\u0131 belirten Ocak, sanal POS i\u00e7in bankalarla g\u00f6r\u00fc\u015ft\u00fcklerini ayr\u0131ca petrol \u015firketleri ve otel zincirleriyle \u00fcyelere \u00f6zel indirim anla\u015fmalar\u0131 yapt\u0131klar\u0131n\u0131 ifade etti.<\/p>\n<p>&#8220;T\u00fcrkiye\u2019de kontrat fuar\u0131 d\u00fczenleyece\u011fiz&#8221;<br \/>\n<br \/>Ev tekstili sekt\u00f6r\u00fcnde 40 y\u0131ll\u0131k birikimi oldu\u011funu vurgulayan Ocak, &#8220;Yeni d\u00f6nemde \u00fclkemizde kontrat fuar\u0131 d\u00fczenleyece\u011fiz. \u0130n\u015faat, mobilya, tekstil gibi alanlarda \u00f6nemli tecr\u00fcbemiz var. T\u00fcrkiye\u2019deki turizm tesisleri, i\u015f merkezleri, bankalar ve hastaneleri bizler yapaca\u011f\u0131z. Burada art\u0131k teknik baz\u0131 \u015fartnameler var. Yanmaz kuma\u015f gibi teknik standartlar\u0131 kar\u015f\u0131layacak \u00fcr\u00fcnlerin sa\u011flanmas\u0131 gerekiyor. Bunun i\u00e7in de Bursa\u2019da faaliyet g\u00f6steren ve uluslararas\u0131 akreditasyona sahip BUTEKOM ile i\u015f birli\u011fi yapaca\u011f\u0131z. Buradaki tan\u0131t\u0131mlar\u0131 g\u00fc\u00e7lendirecek, \u00fcyelere indirim sa\u011flayaca\u011f\u0131z.&#8221; dedi.<\/p>\n<p>&#8220;Herkes ihracat yapacak&#8221;<br \/>\n<br \/>&#8220;Senden ihracat\u00e7\u0131 olur&#8221; slogan\u0131yla mikro ihracata odaklanacaklar\u0131n\u0131 s\u00f6yleyen Ocak, &#8220;\u0130stanbul, Denizli, Bursa ve di\u011fer \u015fehirlerden d\u00fcnyan\u0131n her yerine ihracat yapaca\u011f\u0131z. Herkes ihracat\u00e7\u0131 olabilecek. Gen\u00e7lere ve kad\u0131nlara destek verece\u011fiz. E-ticaret faaliyetlerini ileriye ta\u015f\u0131yaca\u011f\u0131z. \u0130zmir\u2019de kurulmas\u0131 hedeflenen s\u0131n\u0131r \u00f6tesi e-ticaret serbest b\u00f6lgesinden de yararlanaca\u011f\u0131z. Ticaret odas\u0131ndaki dostlar\u0131m\u0131zla i\u015f birli\u011fi yapaca\u011f\u0131z&#8221; diye konu\u015ftu. Gen\u00e7lere ve kad\u0131nlara verdikleri \u00f6nemi de vurgulayan Ocak, komisyon yap\u0131lar\u0131yla daha \u00e7ok gen\u00e7 ve kad\u0131n\u0131 y\u00f6netim s\u00fcre\u00e7lerine dahil edeceklerini a\u00e7\u0131klad\u0131.<\/p>\n<p>&#8220;Sekt\u00f6r\u00fcn ufkunu a\u00e7acak&#8221;<br \/>\n<br \/>Ege \u0130hracat\u00e7\u0131 Birlikleri (E\u0130B) Koordinat\u00f6r Ba\u015fkan\u0131 Jak Eskinazi, Ufuk Ocak i\u00e7in destek mesaj\u0131 verdi. Eskinazi, &#8220;Ufuk Ocak\u2019\u0131n sekt\u00f6re \u00e7ok b\u00fcy\u00fck emekleri oldu. 40 y\u0131ll\u0131k bir deneyime sahip. Kendisini \u00f6nceki se\u00e7imlerden tan\u0131yorum, s\u00f6yledi\u011fini yapan bir arkada\u015f\u0131m\u0131z. Sekt\u00f6re hay\u0131rl\u0131 olsun. Ad\u0131 gibi sekt\u00f6r\u00fcn ufkunu a\u00e7acakt\u0131r. UR-GE projelerinde ve ihracat\u0131 art\u0131racak \u00e7al\u0131\u015fmalarda da i\u015f birliklerimiz olacak. Kendisine ba\u015far\u0131lar diliyorum&#8221; dedi.<\/p>\n<p>\u0130zmir, Ufuk Ocak\u2019\u0131 muhte\u015fem kar\u015f\u0131lad\u0131<br \/>\n<br \/>EBSO Meclis \u00dcyesi ve TETS\u0130AD Denetim Kurulu \u00dcyesi Fatih G\u00fcven de bulu\u015fmada yapt\u0131\u011f\u0131 konu\u015fmada Ocak\u2019\u0131n sekt\u00f6re \u00f6nemli katk\u0131lar sunaca\u011f\u0131na inand\u0131klar\u0131n\u0131 belirtti. G\u00fcven, &#8220;\u00dcyelerimizle \u00e7ok g\u00fczel bir organizasyon ger\u00e7ekle\u015ftirdik. Ufuk Ocak, dernekte uzun y\u0131llar g\u00f6rev yapm\u0131\u015f, sivil toplum ve i\u015f d\u00fcnyas\u0131nda b\u00fcy\u00fck tecr\u00fcbeye sahip bir isim. Se\u00e7ilmesini ve ba\u015far\u0131l\u0131 olmas\u0131n\u0131 istiyoruz, bilgilerinden faydalanmay\u0131 hedefliyoruz. Derne\u011fimize \u00f6nemli katk\u0131lar sa\u011flayaca\u011f\u0131na inan\u0131yoruz. \u00c7ok g\u00fczel projelerimiz var. \u0130zmir bug\u00fcn ba\u015fkanlar\u0131, sivil toplum kurulu\u015flar\u0131 ve firmalar\u0131yla birlikte Ufuk Bey\u2019i kucaklad\u0131. G\u00fczel payla\u015f\u0131mlar oldu, bu ak\u015fam da bu bulu\u015fmayla bunu peki\u015ftiriyoruz&#8221; diye konu\u015ftu.<\/p>\n<p>&#8220;Sekt\u00f6re yeni bir soluk gelecek&#8221;<br \/>\n<br \/>TETS\u0130AD \u00dcyesi G\u00fcl G\u00fcler, sekt\u00f6r\u00fcn yeni projelere ihtiya\u00e7 duydu\u011funu vurgulayarak, &#8220;31 y\u0131ld\u0131r sekt\u00f6rde faaliyet g\u00f6steriyorum. \u00c7ok g\u00fczel projeler haz\u0131rland\u0131. Umar\u0131m sekt\u00f6re yeni bir soluk ve yeni bir ses gelir. Projeleri inceledim ve hayata ge\u00e7mesi i\u00e7in Ufuk Bey\u2019i destekliyoruz&#8221; dedi.<\/p>\n<p>&#8220;Yurt d\u0131\u015f\u0131 fuarlar ve tan\u0131t\u0131m y\u00f6n\u00fcnde \u00f6nemli projeler var&#8221;<br \/>\n<br \/>Kat\u0131l\u0131mc\u0131lardan Cesim \u00d6nerge de destek mesaj\u0131n\u0131 \u015fu s\u00f6zlerle dile getirdi: &#8220;Ufuk Bey\u2019i destekliyoruz. Kendisi iyi bir insan ve bu g\u00f6revde ba\u015far\u0131l\u0131 olaca\u011f\u0131na inan\u0131yoruz. D\u00fcnya ile ilgili \u00e7al\u0131\u015fmalar yapmadan, sadece yurt i\u00e7i pazarla yetinmemiz m\u00fcmk\u00fcn de\u011fil. Yurt d\u0131\u015f\u0131 fuarlar\u0131 ve tan\u0131t\u0131mla ilgili \u00e7ok ba\u015far\u0131l\u0131 projeleri var. Bunlar\u0131 Ufuk Bey\u2019in en b\u00fcy\u00fck ba\u015far\u0131s\u0131 olarak g\u00f6r\u00fcyorum&#8221; ifadelerini kulland\u0131.<\/p>\n<p>Ege\u2019de Ufuk Ocak r\u00fczgar\u0131 esti<br \/>\n<br \/>\u0130zmir program\u0131 \u00f6ncesinde Denizli ve U\u015fak\u2019ta TETS\u0130AD \u00fcyelerini ziyaret eden Ocak, \u0130zmir\u2019de ise ilk olarak \u0130zmir Ticaret Odas\u0131\u2019nda Y\u00f6netim Kurulu Ba\u015fkan\u0131 Mahmut \u00d6zgner ve Y\u00f6netim Kurulu ile bir araya geldi. Ocak ard\u0131ndan Ege \u0130hracat\u00e7\u0131 Birlikleri Koordinat\u00f6r Ba\u015fkan\u0131 Jak Eskinazi ve Ege Haz\u0131rgiyim ve Konfeksiyon \u0130hracat\u00e7\u0131lar\u0131 Birli\u011fi Ba\u015fkan\u0131 Burak Sertba\u015f ile g\u00f6r\u00fc\u015ft\u00fc. \u0130zmir\u2019de \u00fcye ziyaretleri de ger\u00e7ekle\u015ftiren Ocak, Ege\u2019den tam destek ald\u0131.<br \/><\/p>\n","protected":false},"excerpt":{"rendered":"<p>T\u00fcrkiye Ev Tekstili Sanayicileri ve \u0130\u015f \u0130nsanlar\u0131 Derne\u011fi (TETS\u0130AD) Y\u00f6netim Kurulu Ba\u015fkan Yard\u0131mc\u0131s\u0131 ve Ba\u015fkan Aday\u0131 Ufuk Ocak, se\u00e7im \u00e7al\u0131\u015fmalar\u0131 kapsam\u0131nda ziyaret etti\u011fi \u0130zmir\u2019de sekt\u00f6r temsilcilerinden destek ald\u0131. Ocak, ev tekstilinde &#8220;Senden \u0130hracat\u00e7\u0131 Olur&#8221; mottosuyla ihracat seferberli\u011fi ba\u015flatacaklar\u0131n\u0131 belirterek, &#8220;Hen\u00fcz ihracat yapmam\u0131\u015f firmalar\u0131m\u0131z\u0131n bu yolculu\u011fa g\u00fcvenle \u00e7\u0131kabilmeleri i\u00e7in ilk ad\u0131mlar\u0131nda onlara rehberlik edece\u011fiz. Mikro ihracat&#8230;<\/p>\n","protected":false},"author":1,"featured_media":58029,"comment_status":"open","ping_status":"open","sticky":false,"template":"","format":"standard","meta":{"_crdt_document":"","footnotes":""},"categories":[125],"tags":[],"class_list":["post-58028","post","type-post","status-publish","format-standard","has-post-thumbnail","hentry","category-ekonomi"],"_links":{"self":[{"href":"https:\/\/www.egemtv.com\/index.php?rest_route=\/wp\/v2\/posts\/58028","targetHints":{"allow":["GET"]}}],"collection":[{"href":"https:\/\/www.egemtv.com\/index.php?rest_route=\/wp\/v2\/posts"}],"about":[{"href":"https:\/\/www.egemtv.com\/index.php?rest_route=\/wp\/v2\/types\/post"}],"author":[{"embeddable":true,"href":"https:\/\/www.egemtv.com\/index.php?rest_route=\/wp\/v2\/users\/1"}],"replies":[{"embeddable":true,"href":"https:\/\/www.egemtv.com\/index.php?rest_route=%2Fwp%2Fv2%2Fcomments&post=58028"}],"version-history":[{"count":1,"href":"https:\/\/www.egemtv.com\/index.php?rest_route=\/wp\/v2\/posts\/58028\/revisions"}],"predecessor-version":[{"id":58030,"href":"https:\/\/www.egemtv.com\/index.php?rest_route=\/wp\/v2\/posts\/58028\/revisions\/58030"}],"wp:featuredmedia":[{"embeddable":true,"href":"https:\/\/www.egemtv.com\/index.php?rest_route=\/wp\/v2\/media\/58029"}],"wp:attachment":[{"href":"https:\/\/www.egemtv.com\/index.php?rest_route=%2Fwp%2Fv2%2Fmedia&parent=58028"}],"wp:term":[{"taxonomy":"category","embeddable":true,"href":"https:\/\/www.egemtv.com\/index.php?rest_route=%2Fwp%2Fv2%2Fcategories&post=58028"},{"taxonomy":"post_tag","embeddable":true,"href":"https:\/\/www.egemtv.com\/index.php?rest_route=%2Fwp%2Fv2%2Ftags&post=58028"}],"curies":[{"name":"wp","href":"https:\/\/api.w.org\/{rel}","templated":true}]}}