{"id":58025,"date":"2025-09-29T11:15:03","date_gmt":"2025-09-29T08:15:03","guid":{"rendered":"https:\/\/www.egemtv.com\/?p=58025"},"modified":"2025-09-29T11:15:05","modified_gmt":"2025-09-29T08:15:05","slug":"menemen-buyuksehirin-cop-tesisine-karsi-tek-yurek","status":"publish","type":"post","link":"https:\/\/www.egemtv.com\/?p=58025","title":{"rendered":"Menemen, B\u00fcy\u00fck\u015fehir\u2019in \u00e7\u00f6p tesisine kar\u015f\u0131 tek y\u00fcrek"},"content":{"rendered":"<p>\u0130zmir\u2019in ve Ege\u2019nin en \u00f6nemli tar\u0131m merkezlerinden olan Menemen\u2019de \u0130zmir B\u00fcy\u00fck\u015fehir Belediyesinin \u00e7\u00f6p tesisi yapma giri\u015fimine kar\u015f\u0131, Menemen Belediye Ba\u015fkan\u0131 Ayd\u0131n Pehlivan \u00f6nc\u00fcl\u00fc\u011f\u00fcnde t\u00fcm il\u00e7e tek y\u00fcrek oldu. Ba\u015fkan Pehlivan, &#8220;Bereket f\u0131\u015fk\u0131ran topraklar\u0131 ve zengin yer alt\u0131 su kaynaklar\u0131yla Menemen, \u00e7\u00f6pl\u00fck yap\u0131lacak de\u011fil, el \u00fcst\u00fcnde tutulacak bir \u00f6neme sahiptir. \u0130l\u00e7emizde \u00e7\u00f6p tesisine asla ge\u00e7it vermeyece\u011fiz.&#8221; dedi.<br \/>\n<br \/>Menemen\u2019e \u00e7\u00f6p tesisi yap\u0131lmas\u0131 giri\u015fimine kar\u015f\u0131 ba\u015flayan tepki, dev bir dayan\u0131\u015fmaya d\u00f6n\u00fc\u015ft\u00fc. \u0130zmir B\u00fcy\u00fck\u015fehir Belediye Ba\u015fkan\u0131 Cemil Tugay\u2019\u0131n kentin yeni \u00e7\u00f6p olan\u0131 olarak Menemen \u00c7alt\u0131\u2019y\u0131 d\u00fc\u015f\u00fcnd\u00fcklerini s\u00f6ylemesiyle birlikte ba\u015flayan s\u00fcre\u00e7te, \u00c7alt\u0131\u2019dan Ba\u011fc\u0131lar\u2019a kadar b\u00f6lge muhtarlar\u0131ndan y\u00fckselen tepkiler, t\u00fcm il\u00e7eye yay\u0131ld\u0131.<\/p>\n<p>Menemen\u2019in t\u00fcm bile\u015fenlerinden b\u00fcy\u00fck dayan\u0131\u015fma<br \/>\n<br \/>Menemen\u2019in d\u00f6rt bir yan\u0131ndaki reklam panolar\u0131na, &#8220;Menemen kimsenin \u00e7\u00f6pl\u00fc\u011f\u00fc de\u011fil! Yuvam\u0131z, hakl\u0131y\u0131z, sonuna kadar direnece\u011fiz!&#8221; slogan\u0131yla ba\u015flayan ve &#8220;Ege\u2019nin en bereketli tar\u0131m arazilerine sahip olan Menemen, tarihinin en tehlikeli giri\u015fimiyle kar\u015f\u0131 kar\u015f\u0131ya! \u0130l\u00e7emize her g\u00fcn d\u00f6k\u00fclecek binlerce ton \u00e7\u00f6p; tar\u0131m\u0131m\u0131z\u0131n, yer alt\u0131 sular\u0131m\u0131z\u0131n, temizli\u011fimizin, sa\u011fl\u0131\u011f\u0131m\u0131z\u0131n ve gelece\u011fimizin karanl\u0131\u011fa hapsolmas\u0131 anlam\u0131na gelir. Bizler Menemenliler olarak atalar\u0131m\u0131z\u0131n emaneti ve evlatlar\u0131m\u0131za miras olacak olan bu g\u00fczel kentin karanl\u0131\u011fa teslim edilmesine izin vermeyece\u011fiz. Kad\u0131nlar\u0131m\u0131zla, \u00e7ocuklar\u0131m\u0131zla, STK\u2019lar\u0131m\u0131zla, sanat\u00e7\u0131lar\u0131m\u0131z, bas\u0131n\u0131m\u0131z, hukuk\u00e7ular\u0131m\u0131z, siyasilerimiz ve t\u00fcm hem\u015fehrilerimizle birlikte Menemen dayan\u0131\u015fmas\u0131 olarak bu haks\u0131z dayatmaya ge\u00e7it vermeyece\u011fiz&#8221; yaz\u0131l\u0131 afi\u015fler as\u0131ld\u0131. Tepkilere, Menemen Belediyesi ile birlikte muhtarlar, \u00e7evre sa\u011fl\u0131k ve toplum i\u00e7in \u00e7al\u0131\u015fan dernekler, meslek odalar\u0131, il\u00e7e halk\u0131, g\u00f6n\u00fcll\u00fc komiteleri, okullar, \u00fcniversiteler, \u00f6\u011frenci gruplar\u0131, esnaf ve i\u015f d\u00fcnyas\u0131, doktor, hem\u015fire ve sa\u011fl\u0131k kurulu\u015flar\u0131, yerel bas\u0131n ve medya temsilcileri, sanat\u00e7\u0131lar ve k\u00fclt\u00fcr gruplar\u0131, avukatlar ve hukuk gruplar\u0131yla siyasi parti temsilcileri destek verdi.<\/p>\n<p>&#8220;G\u00fc\u00e7l\u00fc Menemen ailemle birlikte \u00e7\u00f6pe kar\u015f\u0131 duraca\u011f\u0131z&#8221;<br \/>\n<br \/>Menemen dayan\u0131\u015fmas\u0131n\u0131n \u00f6nemine de\u011finen Menemen Belediye Ba\u015fkan\u0131 Ayd\u0131n Pehlivan, &#8220;Menemen, Ege B\u00f6lgesi\u2019nin en verimli tar\u0131m topraklar\u0131na sahip ve do\u011fal kaynaklar\u0131yla zengin bir il\u00e7edir. Bu topraklar, sadece Menemenlilerin de\u011fil, t\u00fcm T\u00fcrkiye\u2019nin ortak de\u011feridir. Tar\u0131m alanlar\u0131m\u0131z, do\u011fam\u0131z, su kaynaklar\u0131m\u0131z ve yeralt\u0131 zenginliklerimiz, gelece\u011fimizin teminat\u0131d\u0131r. \u00c7alt\u0131 b\u00f6lgesinde kurulmas\u0131 planlanan bu \u00e7\u00f6p bertaraf tesisi, t\u00fcm bu de\u011ferleri yok saymakta ve Menemen\u2019in zengin do\u011fal ekosistemine geri d\u00f6n\u00fclmesi imk\u00e2ns\u0131z zararlar verecektir. Bu tesisin yarataca\u011f\u0131 koku, \u00e7evreyi, do\u011fay\u0131 ve halk\u0131m\u0131z\u0131 dayan\u0131lmaz bi\u00e7imde etkileyecek, evimiz dedi\u011fimiz Menemenimizi ya\u015fanamaz hale getirecektir. Bu nedenle, Menemen Belediyesi olarak bu projeye kar\u015f\u0131 durma kararl\u0131l\u0131\u011f\u0131m\u0131z\u0131 bir kez daha vurguluyoruz. \u00c7alt\u0131\u2019daki bu tesisin olu\u015fturaca\u011f\u0131 \u00e7evresel felakete ve halk sa\u011fl\u0131\u011f\u0131na verece\u011fi zarara kar\u015f\u0131, her t\u00fcrl\u00fc m\u00fccadeleyi verece\u011fiz. Menemen halk\u0131, g\u00fc\u00e7l\u00fc bir duru\u015f sergileyerek, bu tehlikenin \u00f6n\u00fcne ge\u00e7mek i\u00e7in birlikte hareket edecektir. Bizler, Menemen\u2019in de\u011ferlerini savunarak, halk\u0131m\u0131z\u0131n sa\u011fl\u0131\u011f\u0131n\u0131 ve do\u011fas\u0131n\u0131 korumak i\u00e7in bu giri\u015fimi durduraca\u011f\u0131z. Menemen halk\u0131n\u0131n yan\u0131nda, g\u00fc\u00e7l\u00fc Menemen ailemizle birlikte bu yanl\u0131\u015f projeye kar\u015f\u0131 duraca\u011f\u0131z ve il\u00e7emizi koruma kararl\u0131l\u0131\u011f\u0131m\u0131z\u0131 s\u00fcrd\u00fcrece\u011fiz&#8221; ifadelerini kulland\u0131.<br \/><\/p>\n","protected":false},"excerpt":{"rendered":"<p>\u0130zmir\u2019in ve Ege\u2019nin en \u00f6nemli tar\u0131m merkezlerinden olan Menemen\u2019de \u0130zmir B\u00fcy\u00fck\u015fehir Belediyesinin \u00e7\u00f6p tesisi yapma giri\u015fimine kar\u015f\u0131, Menemen Belediye Ba\u015fkan\u0131 Ayd\u0131n Pehlivan \u00f6nc\u00fcl\u00fc\u011f\u00fcnde t\u00fcm il\u00e7e tek y\u00fcrek oldu. Ba\u015fkan Pehlivan, &#8220;Bereket f\u0131\u015fk\u0131ran topraklar\u0131 ve zengin yer alt\u0131 su kaynaklar\u0131yla Menemen, \u00e7\u00f6pl\u00fck yap\u0131lacak de\u011fil, el \u00fcst\u00fcnde tutulacak bir \u00f6neme sahiptir. \u0130l\u00e7emizde \u00e7\u00f6p tesisine asla ge\u00e7it vermeyece\u011fiz.&#8221;&#8230;<\/p>\n","protected":false},"author":1,"featured_media":58026,"comment_status":"open","ping_status":"open","sticky":false,"template":"","format":"standard","meta":{"_crdt_document":"","footnotes":""},"categories":[1],"tags":[],"class_list":["post-58025","post","type-post","status-publish","format-standard","has-post-thumbnail","hentry","category-guncel"],"_links":{"self":[{"href":"https:\/\/www.egemtv.com\/index.php?rest_route=\/wp\/v2\/posts\/58025","targetHints":{"allow":["GET"]}}],"collection":[{"href":"https:\/\/www.egemtv.com\/index.php?rest_route=\/wp\/v2\/posts"}],"about":[{"href":"https:\/\/www.egemtv.com\/index.php?rest_route=\/wp\/v2\/types\/post"}],"author":[{"embeddable":true,"href":"https:\/\/www.egemtv.com\/index.php?rest_route=\/wp\/v2\/users\/1"}],"replies":[{"embeddable":true,"href":"https:\/\/www.egemtv.com\/index.php?rest_route=%2Fwp%2Fv2%2Fcomments&post=58025"}],"version-history":[{"count":1,"href":"https:\/\/www.egemtv.com\/index.php?rest_route=\/wp\/v2\/posts\/58025\/revisions"}],"predecessor-version":[{"id":58027,"href":"https:\/\/www.egemtv.com\/index.php?rest_route=\/wp\/v2\/posts\/58025\/revisions\/58027"}],"wp:featuredmedia":[{"embeddable":true,"href":"https:\/\/www.egemtv.com\/index.php?rest_route=\/wp\/v2\/media\/58026"}],"wp:attachment":[{"href":"https:\/\/www.egemtv.com\/index.php?rest_route=%2Fwp%2Fv2%2Fmedia&parent=58025"}],"wp:term":[{"taxonomy":"category","embeddable":true,"href":"https:\/\/www.egemtv.com\/index.php?rest_route=%2Fwp%2Fv2%2Fcategories&post=58025"},{"taxonomy":"post_tag","embeddable":true,"href":"https:\/\/www.egemtv.com\/index.php?rest_route=%2Fwp%2Fv2%2Ftags&post=58025"}],"curies":[{"name":"wp","href":"https:\/\/api.w.org\/{rel}","templated":true}]}}