{"id":58022,"date":"2025-09-29T11:15:00","date_gmt":"2025-09-29T08:15:00","guid":{"rendered":"https:\/\/www.egemtv.com\/?p=58022"},"modified":"2025-09-29T11:15:01","modified_gmt":"2025-09-29T08:15:01","slug":"alkol-kavgasinda-gelin-ve-damat-tarafi-birbirine-girdi","status":"publish","type":"post","link":"https:\/\/www.egemtv.com\/?p=58022","title":{"rendered":"Alkol kavgas\u0131nda gelin ve damat taraf\u0131 birbirine girdi"},"content":{"rendered":"<p>Denizli\u2019nin Pamukkale il\u00e7esinde ger\u00e7ekle\u015ftirilen bir d\u00fc\u011f\u00fcn t\u00f6reninde alkol i\u00e7ilmesi sebebiyle gelin ve damat taraf\u0131 aras\u0131nda kavga \u00e7\u0131kt\u0131.<br \/>\n<br \/>Olay, Denizli\u2019nin Pamukkale il\u00e7esinde ger\u00e7ekle\u015ftirilen bir d\u00fc\u011f\u00fcnde meydana geldi. Edinilen bilgiye g\u00f6re, d\u00fc\u011f\u00fcnde damat taraf\u0131 alkol kulland\u0131. D\u00fc\u011f\u00fcnde alkol kullan\u0131lmas\u0131ndan rahats\u0131z olan gelini a\u011fabeyi ile damat taraf\u0131 aras\u0131nda tart\u0131\u015fma \u00e7\u0131kt\u0131. Tart\u0131\u015fma da daha ilerleyerek kavgaya d\u00f6n\u00fc\u015ft\u00fc. Gelin taraf\u0131 ve damat taraf\u0131 aras\u0131nda \u00e7\u0131kan kavgada sandalyeler havada u\u00e7u\u015furken arada kalan gelin ve damat yerde s\u00fcr\u00fcklendi. Kavga polisin ve di\u011fer misafirlerin m\u00fcdahalesiyle sona erdi\u011fi ve gelinin a\u011fabeyinin hafif yarand\u0131\u011f\u0131 \u00f6\u011frenildi.<br \/><\/p>\n","protected":false},"excerpt":{"rendered":"<p>Denizli\u2019nin Pamukkale il\u00e7esinde ger\u00e7ekle\u015ftirilen bir d\u00fc\u011f\u00fcn t\u00f6reninde alkol i\u00e7ilmesi sebebiyle gelin ve damat taraf\u0131 aras\u0131nda kavga \u00e7\u0131kt\u0131. Olay, Denizli\u2019nin Pamukkale il\u00e7esinde ger\u00e7ekle\u015ftirilen bir d\u00fc\u011f\u00fcnde meydana geldi. Edinilen bilgiye g\u00f6re, d\u00fc\u011f\u00fcnde damat taraf\u0131 alkol kulland\u0131. D\u00fc\u011f\u00fcnde alkol kullan\u0131lmas\u0131ndan rahats\u0131z olan gelini a\u011fabeyi ile damat taraf\u0131 aras\u0131nda tart\u0131\u015fma \u00e7\u0131kt\u0131. Tart\u0131\u015fma da daha ilerleyerek kavgaya d\u00f6n\u00fc\u015ft\u00fc. Gelin taraf\u0131&#8230;<\/p>\n","protected":false},"author":1,"featured_media":58023,"comment_status":"open","ping_status":"open","sticky":false,"template":"","format":"standard","meta":{"_crdt_document":"","footnotes":""},"categories":[5],"tags":[],"class_list":["post-58022","post","type-post","status-publish","format-standard","has-post-thumbnail","hentry","category-asayis"],"_links":{"self":[{"href":"https:\/\/www.egemtv.com\/index.php?rest_route=\/wp\/v2\/posts\/58022","targetHints":{"allow":["GET"]}}],"collection":[{"href":"https:\/\/www.egemtv.com\/index.php?rest_route=\/wp\/v2\/posts"}],"about":[{"href":"https:\/\/www.egemtv.com\/index.php?rest_route=\/wp\/v2\/types\/post"}],"author":[{"embeddable":true,"href":"https:\/\/www.egemtv.com\/index.php?rest_route=\/wp\/v2\/users\/1"}],"replies":[{"embeddable":true,"href":"https:\/\/www.egemtv.com\/index.php?rest_route=%2Fwp%2Fv2%2Fcomments&post=58022"}],"version-history":[{"count":1,"href":"https:\/\/www.egemtv.com\/index.php?rest_route=\/wp\/v2\/posts\/58022\/revisions"}],"predecessor-version":[{"id":58024,"href":"https:\/\/www.egemtv.com\/index.php?rest_route=\/wp\/v2\/posts\/58022\/revisions\/58024"}],"wp:featuredmedia":[{"embeddable":true,"href":"https:\/\/www.egemtv.com\/index.php?rest_route=\/wp\/v2\/media\/58023"}],"wp:attachment":[{"href":"https:\/\/www.egemtv.com\/index.php?rest_route=%2Fwp%2Fv2%2Fmedia&parent=58022"}],"wp:term":[{"taxonomy":"category","embeddable":true,"href":"https:\/\/www.egemtv.com\/index.php?rest_route=%2Fwp%2Fv2%2Fcategories&post=58022"},{"taxonomy":"post_tag","embeddable":true,"href":"https:\/\/www.egemtv.com\/index.php?rest_route=%2Fwp%2Fv2%2Ftags&post=58022"}],"curies":[{"name":"wp","href":"https:\/\/api.w.org\/{rel}","templated":true}]}}