{"id":58016,"date":"2025-09-29T11:14:56","date_gmt":"2025-09-29T08:14:56","guid":{"rendered":"https:\/\/www.egemtv.com\/?p=58016"},"modified":"2025-09-29T11:14:57","modified_gmt":"2025-09-29T08:14:57","slug":"tarihi-sikke-ve-kazi-malzemeleriyle-yakalanan-3-kisi-gozaltina-alindi","status":"publish","type":"post","link":"https:\/\/www.egemtv.com\/?p=58016","title":{"rendered":"Tarihi sikke ve kaz\u0131 malzemeleriyle yakalanan 3 ki\u015fi g\u00f6zalt\u0131na al\u0131nd\u0131"},"content":{"rendered":"<p>Afyonkarahisar\u2019da polis taraf\u0131ndan \u015f\u00fcphe \u00fczerine durdurulan bir ara\u00e7ta 10 adet tarihi sikke ile kaz\u0131 malzemeleri ele ge\u00e7irildi.<br \/>\n<br \/>Edinilen bilgilere g\u00f6re, \u0130l Emniyet M\u00fcd\u00fcrl\u00fc\u011f\u00fcne ba\u011fl\u0131 ekipler taraf\u0131ndan kent merkezinde ger\u00e7ekle\u015ftirilen trafik denetiminde bir ara\u00e7 \u015f\u00fcphe \u00fczerine durdurularak arama yap\u0131ld\u0131. Aramada<br \/>\n<br \/>10 adet sikke, derin kaz\u0131 dedekt\u00f6r\u00fc, el dedekt\u00f6r\u00fc ve kazma ele ge\u00e7irildi. Olay\u0131n ard\u0131ndan ara\u00e7ta bulunan 3 ki\u015finin g\u00f6zalt\u0131na al\u0131nd\u0131\u011f\u0131 bildirildi.<br \/><\/p>\n","protected":false},"excerpt":{"rendered":"<p>Afyonkarahisar\u2019da polis taraf\u0131ndan \u015f\u00fcphe \u00fczerine durdurulan bir ara\u00e7ta 10 adet tarihi sikke ile kaz\u0131 malzemeleri ele ge\u00e7irildi. Edinilen bilgilere g\u00f6re, \u0130l Emniyet M\u00fcd\u00fcrl\u00fc\u011f\u00fcne ba\u011fl\u0131 ekipler taraf\u0131ndan kent merkezinde ger\u00e7ekle\u015ftirilen trafik denetiminde bir ara\u00e7 \u015f\u00fcphe \u00fczerine durdurularak arama yap\u0131ld\u0131. Aramada 10 adet sikke, derin kaz\u0131 dedekt\u00f6r\u00fc, el dedekt\u00f6r\u00fc ve kazma ele ge\u00e7irildi. Olay\u0131n ard\u0131ndan ara\u00e7ta bulunan&#8230;<\/p>\n","protected":false},"author":1,"featured_media":58017,"comment_status":"open","ping_status":"open","sticky":false,"template":"","format":"standard","meta":{"_crdt_document":"","footnotes":""},"categories":[5],"tags":[],"class_list":["post-58016","post","type-post","status-publish","format-standard","has-post-thumbnail","hentry","category-asayis"],"_links":{"self":[{"href":"https:\/\/www.egemtv.com\/index.php?rest_route=\/wp\/v2\/posts\/58016","targetHints":{"allow":["GET"]}}],"collection":[{"href":"https:\/\/www.egemtv.com\/index.php?rest_route=\/wp\/v2\/posts"}],"about":[{"href":"https:\/\/www.egemtv.com\/index.php?rest_route=\/wp\/v2\/types\/post"}],"author":[{"embeddable":true,"href":"https:\/\/www.egemtv.com\/index.php?rest_route=\/wp\/v2\/users\/1"}],"replies":[{"embeddable":true,"href":"https:\/\/www.egemtv.com\/index.php?rest_route=%2Fwp%2Fv2%2Fcomments&post=58016"}],"version-history":[{"count":1,"href":"https:\/\/www.egemtv.com\/index.php?rest_route=\/wp\/v2\/posts\/58016\/revisions"}],"predecessor-version":[{"id":58018,"href":"https:\/\/www.egemtv.com\/index.php?rest_route=\/wp\/v2\/posts\/58016\/revisions\/58018"}],"wp:featuredmedia":[{"embeddable":true,"href":"https:\/\/www.egemtv.com\/index.php?rest_route=\/wp\/v2\/media\/58017"}],"wp:attachment":[{"href":"https:\/\/www.egemtv.com\/index.php?rest_route=%2Fwp%2Fv2%2Fmedia&parent=58016"}],"wp:term":[{"taxonomy":"category","embeddable":true,"href":"https:\/\/www.egemtv.com\/index.php?rest_route=%2Fwp%2Fv2%2Fcategories&post=58016"},{"taxonomy":"post_tag","embeddable":true,"href":"https:\/\/www.egemtv.com\/index.php?rest_route=%2Fwp%2Fv2%2Ftags&post=58016"}],"curies":[{"name":"wp","href":"https:\/\/api.w.org\/{rel}","templated":true}]}}