{"id":58013,"date":"2025-09-29T11:14:53","date_gmt":"2025-09-29T08:14:53","guid":{"rendered":"https:\/\/www.egemtv.com\/?p=58013"},"modified":"2025-09-29T11:14:55","modified_gmt":"2025-09-29T08:14:55","slug":"aydinli-elifnaz-avrupadan-bronz-madalya-ile-dondu","status":"publish","type":"post","link":"https:\/\/www.egemtv.com\/?p=58013","title":{"rendered":"Ayd\u0131nl\u0131 Elifnaz Avrupa\u2019dan bronz madalya ile d\u00f6nd\u00fc"},"content":{"rendered":"<p>Ayd\u0131nl\u0131 gen\u00e7 taekwondocu Elifnaz K\u00f6seo\u011flu, S\u0131rbistan\u2019da d\u00fczenlenen Avrupa Grand Prix 2025\u2019te bronz madalya kazanarak Ayd\u0131n spor camias\u0131n\u0131 bir kez daha gururland\u0131rd\u0131.<\/p>\n<p>Elde etti\u011fi derecelerle uluslararas\u0131 arenada dikkatleri \u00fczerine \u00e7eken gen\u00e7 sporcu Elifnaz K\u00f6seo\u011flu, kariyerindeki \u00f6nemli ba\u015far\u0131lar\u0131na bir yenisini daha ekledi. S\u0131rbistan\u2019\u0131n Vrac kentinde d\u00fczenlenen Avrupa Grand Prix 2025 Uluslararas\u0131 Taekwondo Turnuvas\u0131\u2019nda m\u00fccadele eden K\u00f6seo\u011flu, +68 kg Gen\u00e7 Bayanlar kategorisinde \u00fc\u00e7\u00fcnc\u00fc olarak bronz madalya kazand\u0131. K\u00f6seo\u011flu\u2019nun elde etti\u011fi ba\u015far\u0131 spor camias\u0131n\u0131 sevindirdi. Ayd\u0131n Gen\u00e7lik ve Spor \u0130l M\u00fcd\u00fcrl\u00fc\u011f\u00fc de yapt\u0131\u011f\u0131 payla\u015f\u0131mda, &#8220;Sporcumuz Elifnaz K\u00f6seo\u011flu, Avrupa Grand Prix 2025\u2019te +68 kg Gen\u00e7 Bayanlar kategorisinde 3. olarak bronz madalya kazand\u0131&#8221; ifadelerine yer verdi.<br \/><\/p>\n","protected":false},"excerpt":{"rendered":"<p>Ayd\u0131nl\u0131 gen\u00e7 taekwondocu Elifnaz K\u00f6seo\u011flu, S\u0131rbistan\u2019da d\u00fczenlenen Avrupa Grand Prix 2025\u2019te bronz madalya kazanarak Ayd\u0131n spor camias\u0131n\u0131 bir kez daha gururland\u0131rd\u0131. Elde etti\u011fi derecelerle uluslararas\u0131 arenada dikkatleri \u00fczerine \u00e7eken gen\u00e7 sporcu Elifnaz K\u00f6seo\u011flu, kariyerindeki \u00f6nemli ba\u015far\u0131lar\u0131na bir yenisini daha ekledi. S\u0131rbistan\u2019\u0131n Vrac kentinde d\u00fczenlenen Avrupa Grand Prix 2025 Uluslararas\u0131 Taekwondo Turnuvas\u0131\u2019nda m\u00fccadele eden K\u00f6seo\u011flu, +68&#8230;<\/p>\n","protected":false},"author":1,"featured_media":58014,"comment_status":"open","ping_status":"open","sticky":false,"template":"","format":"standard","meta":{"_crdt_document":"","footnotes":""},"categories":[4],"tags":[],"class_list":["post-58013","post","type-post","status-publish","format-standard","has-post-thumbnail","hentry","category-spor"],"_links":{"self":[{"href":"https:\/\/www.egemtv.com\/index.php?rest_route=\/wp\/v2\/posts\/58013","targetHints":{"allow":["GET"]}}],"collection":[{"href":"https:\/\/www.egemtv.com\/index.php?rest_route=\/wp\/v2\/posts"}],"about":[{"href":"https:\/\/www.egemtv.com\/index.php?rest_route=\/wp\/v2\/types\/post"}],"author":[{"embeddable":true,"href":"https:\/\/www.egemtv.com\/index.php?rest_route=\/wp\/v2\/users\/1"}],"replies":[{"embeddable":true,"href":"https:\/\/www.egemtv.com\/index.php?rest_route=%2Fwp%2Fv2%2Fcomments&post=58013"}],"version-history":[{"count":1,"href":"https:\/\/www.egemtv.com\/index.php?rest_route=\/wp\/v2\/posts\/58013\/revisions"}],"predecessor-version":[{"id":58015,"href":"https:\/\/www.egemtv.com\/index.php?rest_route=\/wp\/v2\/posts\/58013\/revisions\/58015"}],"wp:featuredmedia":[{"embeddable":true,"href":"https:\/\/www.egemtv.com\/index.php?rest_route=\/wp\/v2\/media\/58014"}],"wp:attachment":[{"href":"https:\/\/www.egemtv.com\/index.php?rest_route=%2Fwp%2Fv2%2Fmedia&parent=58013"}],"wp:term":[{"taxonomy":"category","embeddable":true,"href":"https:\/\/www.egemtv.com\/index.php?rest_route=%2Fwp%2Fv2%2Fcategories&post=58013"},{"taxonomy":"post_tag","embeddable":true,"href":"https:\/\/www.egemtv.com\/index.php?rest_route=%2Fwp%2Fv2%2Ftags&post=58013"}],"curies":[{"name":"wp","href":"https:\/\/api.w.org\/{rel}","templated":true}]}}