{"id":58010,"date":"2025-09-29T10:55:02","date_gmt":"2025-09-29T07:55:02","guid":{"rendered":"https:\/\/www.egemtv.com\/?p=58010"},"modified":"2025-09-29T10:55:05","modified_gmt":"2025-09-29T07:55:05","slug":"afyonkarahisarda-hava-durumu-7","status":"publish","type":"post","link":"https:\/\/www.egemtv.com\/?p=58010","title":{"rendered":"Afyonkarahisar\u2019da hava durumu"},"content":{"rendered":"<p>Afyonkarahisar yeni haftaya serin ve kapal\u0131 bir havayla ba\u015flarken, s\u0131cakl\u0131klarda hissedilir derecelerde azald\u0131.<br \/>\n<br \/>Meteorolojik verilerek g\u00f6re, kentte bu hafta havan\u0131n kapal\u0131 olmas\u0131 beklenirken ayn\u0131 zamanda yer yerde sa\u011fanak ya\u011f\u0131\u015f beklendi\u011fi kaydedildi. Kentte kapal\u0131 havayla birlikte hava s\u0131cakl\u0131klar\u0131 da hissedilir derecelerde azalarak 20 derece seviyelerine geriledi. Ak\u015famlar\u0131 ise s\u0131cakl\u0131klar\u0131n iyice azalarak 10 derecelere kadar d\u00fc\u015fmesi bekleniyor.<br \/><\/p>\n","protected":false},"excerpt":{"rendered":"<p>Afyonkarahisar yeni haftaya serin ve kapal\u0131 bir havayla ba\u015flarken, s\u0131cakl\u0131klarda hissedilir derecelerde azald\u0131. Meteorolojik verilerek g\u00f6re, kentte bu hafta havan\u0131n kapal\u0131 olmas\u0131 beklenirken ayn\u0131 zamanda yer yerde sa\u011fanak ya\u011f\u0131\u015f beklendi\u011fi kaydedildi. Kentte kapal\u0131 havayla birlikte hava s\u0131cakl\u0131klar\u0131 da hissedilir derecelerde azalarak 20 derece seviyelerine geriledi. Ak\u015famlar\u0131 ise s\u0131cakl\u0131klar\u0131n iyice azalarak 10 derecelere kadar d\u00fc\u015fmesi bekleniyor.<\/p>\n","protected":false},"author":1,"featured_media":58011,"comment_status":"open","ping_status":"open","sticky":false,"template":"","format":"standard","meta":{"_crdt_document":"","footnotes":""},"categories":[1],"tags":[],"class_list":["post-58010","post","type-post","status-publish","format-standard","has-post-thumbnail","hentry","category-guncel"],"_links":{"self":[{"href":"https:\/\/www.egemtv.com\/index.php?rest_route=\/wp\/v2\/posts\/58010","targetHints":{"allow":["GET"]}}],"collection":[{"href":"https:\/\/www.egemtv.com\/index.php?rest_route=\/wp\/v2\/posts"}],"about":[{"href":"https:\/\/www.egemtv.com\/index.php?rest_route=\/wp\/v2\/types\/post"}],"author":[{"embeddable":true,"href":"https:\/\/www.egemtv.com\/index.php?rest_route=\/wp\/v2\/users\/1"}],"replies":[{"embeddable":true,"href":"https:\/\/www.egemtv.com\/index.php?rest_route=%2Fwp%2Fv2%2Fcomments&post=58010"}],"version-history":[{"count":1,"href":"https:\/\/www.egemtv.com\/index.php?rest_route=\/wp\/v2\/posts\/58010\/revisions"}],"predecessor-version":[{"id":58012,"href":"https:\/\/www.egemtv.com\/index.php?rest_route=\/wp\/v2\/posts\/58010\/revisions\/58012"}],"wp:featuredmedia":[{"embeddable":true,"href":"https:\/\/www.egemtv.com\/index.php?rest_route=\/wp\/v2\/media\/58011"}],"wp:attachment":[{"href":"https:\/\/www.egemtv.com\/index.php?rest_route=%2Fwp%2Fv2%2Fmedia&parent=58010"}],"wp:term":[{"taxonomy":"category","embeddable":true,"href":"https:\/\/www.egemtv.com\/index.php?rest_route=%2Fwp%2Fv2%2Fcategories&post=58010"},{"taxonomy":"post_tag","embeddable":true,"href":"https:\/\/www.egemtv.com\/index.php?rest_route=%2Fwp%2Fv2%2Ftags&post=58010"}],"curies":[{"name":"wp","href":"https:\/\/api.w.org\/{rel}","templated":true}]}}