{"id":58004,"date":"2025-09-29T10:54:58","date_gmt":"2025-09-29T07:54:58","guid":{"rendered":"https:\/\/www.egemtv.com\/?p=58004"},"modified":"2025-09-29T10:55:00","modified_gmt":"2025-09-29T07:55:00","slug":"beyagacin-yoresel-urunleri-bagbozumu-senliginde-tanitildi","status":"publish","type":"post","link":"https:\/\/www.egemtv.com\/?p=58004","title":{"rendered":"Beya\u011fa\u00e7\u2019\u0131n y\u00f6resel \u00fcr\u00fcnleri ba\u011fbozumu \u015fenli\u011finde tan\u0131t\u0131ld\u0131"},"content":{"rendered":"<p>Beya\u011fa\u00e7 Belediyesi taraf\u0131ndan Beya\u011fa\u00e7 Geri\u00e7am Mahallesi\u2019nin y\u00f6resel \u00fcr\u00fcnlerini tan\u0131tmak ve sezonu ba\u015flayan \u00fcz\u00fcm hasad\u0131n\u0131 renklendirmek amac\u0131yla 3. Ba\u011fbozumu, Do\u011fal ve Y\u00f6resel \u00dcr\u00fcnler \u015eenli\u011fi d\u00fczenlendi.<\/p>\n<p>Beya\u011fa\u00e7 Belediyesi taraf\u0131ndan Beya\u011fa\u00e7\u2019\u0131n k\u00fclt\u00fcr\u00fcn\u00fc, do\u011fal g\u00fczelliklerini, y\u00f6resel \u00fcr\u00fcnlerini ve sezonu ba\u015flayan \u00fcz\u00fcm hasad\u0131n\u0131 e\u011flenceli hale getirmek amac\u0131yla Geri\u00e7am Ba\u011fbozumu, Do\u011fal ve Y\u00f6resel \u00dcr\u00fcnler \u015eenli\u011fi d\u00fczenlendi. Beya\u011fa\u00e7 Belediyesi taraf\u0131ndan 3\u2019\u00fcnc\u00fcs\u00fc d\u00fczenlenen \u015fenlikler Geri\u00e7am Mahallesi Sosyal Tesislerinde ger\u00e7ekle\u015ftirilen festivale Tavas Belediye Ba\u015fkan\u0131 Kadir Tat\u0131k da kat\u0131l\u0131m sa\u011flad\u0131. G\u00fcnd\u00fcz ba\u011f bozumu gibi \u00e7e\u015fitli etkinliklerin yer ald\u0131\u011f\u0131 \u015fenlik Denizli B\u00fcy\u00fck\u015fehir Belediyesi Konservatuar\u0131 sanat\u00e7\u0131s\u0131 Emin Boyac\u0131o\u011flu konserleriyle son buldu.<\/p>\n<p>Hem \u00e7ift\u00e7iye destek olama hem de Beya\u011fa\u00e7\u2019\u0131n k\u00fclt\u00fcr\u00fcn\u00fc ve y\u00f6resel \u00fcr\u00fcnlerini tan\u0131tmak i\u00e7in \u00e7al\u0131\u015fmalar\u0131na devam edeceklerini belirten Beya\u011fa\u00e7 Belediye Ba\u015fkan\u0131 Sezayi P\u00fct\u00fcn, &#8220;Bug\u00fcn Beya\u011fa\u00e7 Geri\u00e7am Mahallesi\u2019nde d\u00fczenledi\u011fimiz 3. Ba\u011f Bozumu, Do\u011fal ve Y\u00f6resel \u00dcr\u00fcnler \u015eenli\u011fini ger\u00e7ekle\u015ftiriyoruz. Burada k\u00f6yl\u00fclerimizin \u00fcretti\u011fi \u00fcr\u00fcnler kurulan tezgahlarda sat\u0131\u015fa sunuldu. Festivalimiz \u015fehir d\u0131\u015f\u0131ndan ve \u00e7evre il\u00e7elerden gelen vatanda\u015flar\u0131m\u0131zla ger\u00e7ekle\u015ftiriyoruz. Antalya ve K\u00f6yce\u011fiz\u2019den festivalimize \u00f6zel turlar d\u00fczenlendi. Bu festival sayesinde Beya\u011fa\u00e7\u2019\u0131n  k\u00fclt\u00fcr\u00fcn\u00fc, do\u011fal g\u00fczelliklerini ve y\u00f6resel \u00fcr\u00fcnlerini tan\u0131tma f\u0131rsat\u0131 bulduk. Kad\u0131nlar\u0131z K\u0131\u015fa haz\u0131rl\u0131k amac\u0131yla haz\u0131rlad\u0131klar\u0131 \u00fcr\u00fcnlerin de fazlalar\u0131 burada kurduklar\u0131 tezgahlarda sat\u0131\u015fa sundular. Bu da kad\u0131nlar\u0131m\u0131za ek bir gelir kazand\u0131rd\u0131. K\u0131rsalda ya\u015fan vatanda\u015flar\u0131m\u0131z bu festivalle iyi bir kazan\u00e7 elde etti. Festivalimiz ak\u015fam da Denizli B\u00fcy\u00fck\u015fehir Belediyesi Konservatuar\u0131 sanat\u00e7\u0131s\u0131 Emin Boyac\u0131o\u011flu sahne alacak. D\u00fczenledi\u011fimiz bu festival gelece\u011fe yat\u0131r\u0131m bir festival. K\u00fclt\u00fcn ve y\u00f6resel \u00fcr\u00fcnlerin ve \u00e7ift\u00e7inin sahip \u00e7\u0131k\u0131ld\u0131\u011f\u0131 bir festival. Hizmete geldi\u011fimiz g\u00fcnden bu yana en b\u00fcy\u00fck hedefimiz \u00e7ift\u00e7iye ve \u00fcreticiye sahip \u00e7\u0131kmakt\u0131r. Biz \u00e7ift\u00e7iye sahip \u00e7\u0131kaca\u011f\u0131z s\u00f6z\u00fc vermi\u015ftik ve yapt\u0131\u011f\u0131m\u0131z yat\u0131mlarla ve projeler \u00fcretmeye devam ediyoruz. T\u00fcrkiye\u2019nin hatta d\u00fcnyan\u0131n bilmesi gereken bir durum var ki \u00e7ift\u00e7i \u00fcretmezse a\u00e7 kalaca\u011f\u0131m\u0131zd\u0131r. \u00c7ift\u00e7iye destek vermezsek olu\u015fabilecek sorunlar\u0131 g\u00f6z \u00f6n\u00fcne almal\u0131y\u0131z&#8221; dedi.<br \/><\/p>\n","protected":false},"excerpt":{"rendered":"<p>Beya\u011fa\u00e7 Belediyesi taraf\u0131ndan Beya\u011fa\u00e7 Geri\u00e7am Mahallesi\u2019nin y\u00f6resel \u00fcr\u00fcnlerini tan\u0131tmak ve sezonu ba\u015flayan \u00fcz\u00fcm hasad\u0131n\u0131 renklendirmek amac\u0131yla 3. Ba\u011fbozumu, Do\u011fal ve Y\u00f6resel \u00dcr\u00fcnler \u015eenli\u011fi d\u00fczenlendi. Beya\u011fa\u00e7 Belediyesi taraf\u0131ndan Beya\u011fa\u00e7\u2019\u0131n k\u00fclt\u00fcr\u00fcn\u00fc, do\u011fal g\u00fczelliklerini, y\u00f6resel \u00fcr\u00fcnlerini ve sezonu ba\u015flayan \u00fcz\u00fcm hasad\u0131n\u0131 e\u011flenceli hale getirmek amac\u0131yla Geri\u00e7am Ba\u011fbozumu, Do\u011fal ve Y\u00f6resel \u00dcr\u00fcnler \u015eenli\u011fi d\u00fczenlendi. Beya\u011fa\u00e7 Belediyesi taraf\u0131ndan 3\u2019\u00fcnc\u00fcs\u00fc d\u00fczenlenen&#8230;<\/p>\n","protected":false},"author":1,"featured_media":58005,"comment_status":"open","ping_status":"open","sticky":false,"template":"","format":"standard","meta":{"_crdt_document":"","footnotes":""},"categories":[1],"tags":[],"class_list":["post-58004","post","type-post","status-publish","format-standard","has-post-thumbnail","hentry","category-guncel"],"_links":{"self":[{"href":"https:\/\/www.egemtv.com\/index.php?rest_route=\/wp\/v2\/posts\/58004","targetHints":{"allow":["GET"]}}],"collection":[{"href":"https:\/\/www.egemtv.com\/index.php?rest_route=\/wp\/v2\/posts"}],"about":[{"href":"https:\/\/www.egemtv.com\/index.php?rest_route=\/wp\/v2\/types\/post"}],"author":[{"embeddable":true,"href":"https:\/\/www.egemtv.com\/index.php?rest_route=\/wp\/v2\/users\/1"}],"replies":[{"embeddable":true,"href":"https:\/\/www.egemtv.com\/index.php?rest_route=%2Fwp%2Fv2%2Fcomments&post=58004"}],"version-history":[{"count":1,"href":"https:\/\/www.egemtv.com\/index.php?rest_route=\/wp\/v2\/posts\/58004\/revisions"}],"predecessor-version":[{"id":58006,"href":"https:\/\/www.egemtv.com\/index.php?rest_route=\/wp\/v2\/posts\/58004\/revisions\/58006"}],"wp:featuredmedia":[{"embeddable":true,"href":"https:\/\/www.egemtv.com\/index.php?rest_route=\/wp\/v2\/media\/58005"}],"wp:attachment":[{"href":"https:\/\/www.egemtv.com\/index.php?rest_route=%2Fwp%2Fv2%2Fmedia&parent=58004"}],"wp:term":[{"taxonomy":"category","embeddable":true,"href":"https:\/\/www.egemtv.com\/index.php?rest_route=%2Fwp%2Fv2%2Fcategories&post=58004"},{"taxonomy":"post_tag","embeddable":true,"href":"https:\/\/www.egemtv.com\/index.php?rest_route=%2Fwp%2Fv2%2Ftags&post=58004"}],"curies":[{"name":"wp","href":"https:\/\/api.w.org\/{rel}","templated":true}]}}