{"id":58001,"date":"2025-09-29T10:35:39","date_gmt":"2025-09-29T07:35:39","guid":{"rendered":"https:\/\/www.egemtv.com\/?p=58001"},"modified":"2025-09-29T10:35:41","modified_gmt":"2025-09-29T07:35:41","slug":"aydin-lisesinden-aile-yili-etkinligi","status":"publish","type":"post","link":"https:\/\/www.egemtv.com\/?p=58001","title":{"rendered":"Ayd\u0131n Lisesi\u2019nden \u2019Aile Y\u0131l\u0131\u2019 etkinli\u011fi"},"content":{"rendered":"<p>Ayd\u0131n Lisesi \u2019Aile Y\u0131l\u0131\u2019 kapsam\u0131nda d\u00f6rt ku\u015fak bir arada ya\u015fayan Bilal Ailesi\u2019ne konuk oldu.<\/p>\n<p>Cumhurba\u015fkan\u0131 Recep Tayyip Erdo\u011fan taraf\u0131ndan 2025 y\u0131l\u0131n\u0131n \u2019Aile Y\u0131l\u0131\u2019 ilan edilmesinin ard\u0131ndan Ayd\u0131n Lisesi aile ba\u011flar\u0131n\u0131n \u00f6nemini vurgulamak amac\u0131yla \u2019D\u00f6rt Ku\u015fak Bir Arada\u2019 projesini hayata ge\u00e7irdi. Proje kapsam\u0131nda d\u00f6rt ku\u015fak bir arada ya\u015fayan Bilal ailesi ziyaret edildi.<\/p>\n<p>Ayd\u0131n Lisesi\u2019nin sosyal medya payla\u015f\u0131m\u0131nda, &#8220;Cumhurba\u015fkan\u0131m\u0131z Recep Tayyip Erdo\u011fan taraf\u0131ndan 2025 y\u0131l\u0131n\u0131n \u2019Aile Y\u0131l\u0131\u2019 ilan edilmesi hasebiyle okulumuz da \u2019D\u00f6rt Ku\u015fak Bir Arada\u2019 projesi hayata ge\u00e7irildi. Proje de ama\u00e7; d\u00f6rt ku\u015fak bir arada ya\u015fayan \u00f6\u011frencilerimizle ilgili bir \u00e7al\u0131\u015fma yapmakt\u0131. \u00c7al\u0131\u015fmam\u0131z neticesinde d\u00f6rt ku\u015fak bir arada ya\u015fayan Bilal ailesine misafir olduk. 50 y\u0131ll\u0131k bir evlilik dile kolay, yar\u0131m y\u00fczy\u0131l\u0131 a\u015fan bir sevda, bir \u00f6mre s\u0131\u011fan say\u0131s\u0131z an\u0131. Bilal ailesi, k\u00f6kleri topra\u011fa derinlemesine i\u015flemi\u015f dallar\u0131yla d\u00f6rt ku\u015fa\u011f\u0131 kucaklayan bir \u00e7\u0131nar gibi. G\u00fcn\u00fcm\u00fcz\u00fcn gittik\u00e7e yaln\u0131zla\u015fan aile yap\u0131s\u0131na kar\u015f\u0131 Bilal ailesi d\u00f6rt ku\u015fak bir arada bulunarak bizlere \u00f6nemli bir hakikati f\u0131s\u0131ld\u0131yor. Sab\u0131r, fedakarl\u0131k, \u015farts\u0131z sevgi; 50 y\u0131ll\u0131k bu evlili\u011fin ve birlikte ya\u015fayabilmenin as\u0131l s\u0131rr\u0131. Bu huzur dolu aileye misafir olduk, biz de huzur bulduk&#8221; ifadelerine yer verildi.<br \/><\/p>\n","protected":false},"excerpt":{"rendered":"<p>Ayd\u0131n Lisesi \u2019Aile Y\u0131l\u0131\u2019 kapsam\u0131nda d\u00f6rt ku\u015fak bir arada ya\u015fayan Bilal Ailesi\u2019ne konuk oldu. Cumhurba\u015fkan\u0131 Recep Tayyip Erdo\u011fan taraf\u0131ndan 2025 y\u0131l\u0131n\u0131n \u2019Aile Y\u0131l\u0131\u2019 ilan edilmesinin ard\u0131ndan Ayd\u0131n Lisesi aile ba\u011flar\u0131n\u0131n \u00f6nemini vurgulamak amac\u0131yla \u2019D\u00f6rt Ku\u015fak Bir Arada\u2019 projesini hayata ge\u00e7irdi. Proje kapsam\u0131nda d\u00f6rt ku\u015fak bir arada ya\u015fayan Bilal ailesi ziyaret edildi. Ayd\u0131n Lisesi\u2019nin sosyal medya&#8230;<\/p>\n","protected":false},"author":1,"featured_media":58002,"comment_status":"open","ping_status":"open","sticky":false,"template":"","format":"standard","meta":{"_crdt_document":"","footnotes":""},"categories":[1],"tags":[],"class_list":["post-58001","post","type-post","status-publish","format-standard","has-post-thumbnail","hentry","category-guncel"],"_links":{"self":[{"href":"https:\/\/www.egemtv.com\/index.php?rest_route=\/wp\/v2\/posts\/58001","targetHints":{"allow":["GET"]}}],"collection":[{"href":"https:\/\/www.egemtv.com\/index.php?rest_route=\/wp\/v2\/posts"}],"about":[{"href":"https:\/\/www.egemtv.com\/index.php?rest_route=\/wp\/v2\/types\/post"}],"author":[{"embeddable":true,"href":"https:\/\/www.egemtv.com\/index.php?rest_route=\/wp\/v2\/users\/1"}],"replies":[{"embeddable":true,"href":"https:\/\/www.egemtv.com\/index.php?rest_route=%2Fwp%2Fv2%2Fcomments&post=58001"}],"version-history":[{"count":1,"href":"https:\/\/www.egemtv.com\/index.php?rest_route=\/wp\/v2\/posts\/58001\/revisions"}],"predecessor-version":[{"id":58003,"href":"https:\/\/www.egemtv.com\/index.php?rest_route=\/wp\/v2\/posts\/58001\/revisions\/58003"}],"wp:featuredmedia":[{"embeddable":true,"href":"https:\/\/www.egemtv.com\/index.php?rest_route=\/wp\/v2\/media\/58002"}],"wp:attachment":[{"href":"https:\/\/www.egemtv.com\/index.php?rest_route=%2Fwp%2Fv2%2Fmedia&parent=58001"}],"wp:term":[{"taxonomy":"category","embeddable":true,"href":"https:\/\/www.egemtv.com\/index.php?rest_route=%2Fwp%2Fv2%2Fcategories&post=58001"},{"taxonomy":"post_tag","embeddable":true,"href":"https:\/\/www.egemtv.com\/index.php?rest_route=%2Fwp%2Fv2%2Ftags&post=58001"}],"curies":[{"name":"wp","href":"https:\/\/api.w.org\/{rel}","templated":true}]}}