{"id":57998,"date":"2025-09-29T10:35:37","date_gmt":"2025-09-29T07:35:37","guid":{"rendered":"https:\/\/www.egemtv.com\/?p=57998"},"modified":"2025-09-29T10:35:39","modified_gmt":"2025-09-29T07:35:39","slug":"yunusemrenin-sampiyon-gencleri-1-amator-ligde","status":"publish","type":"post","link":"https:\/\/www.egemtv.com\/?p=57998","title":{"rendered":"Yunusemre\u2019nin \u015fampiyon gen\u00e7leri 1. Amat\u00f6r Lig\u2019de"},"content":{"rendered":"<p>Yunusemre Belediyespor, T\u00fcrkiye \u015eampiyonu olan U17 Futbol Tak\u0131m\u0131 ile Manisa 1.Amat\u00f6r Lig\u2019e kat\u0131lma karar\u0131 ald\u0131. Al\u0131nan karar\u0131n \u00f6nemine dikkat \u00e7eken Kul\u00fcp Ba\u015fkan\u0131 B\u00fclent Kanik, gen\u00e7lere destek veren Yunusemre Belediye Ba\u015fkan\u0131 Semih Balaban\u2019a te\u015fekk\u00fcr etti.<br \/>\n<br \/>T\u00fcrkiye \u015eampiyonu olan Yunusemre Belediyespor U17 Futbol Tak\u0131m\u0131, ailelerinin de talebiyle 2025-2026 sezonunda A tak\u0131m olarak Manisa 1. Amat\u00f6r Lig\u2019de m\u00fccadele edecek. Yunusemre Belediye Ba\u015fkan\u0131 Semih Balaban\u2019\u0131n onay\u0131yla al\u0131nan bu karar, tamamen altyap\u0131dan yeti\u015fen gen\u00e7lerden olu\u015facak bir kadro ile hayata ge\u00e7irildi. Kul\u00fcp Ba\u015fkan\u0131 B\u00fclent Kanik, gen\u00e7lerin geli\u015fimi i\u00e7in at\u0131lan bu ad\u0131m\u0131n \u00f6nemine dikkat \u00e7ekerek, &#8220;T\u00fcrkiye \u015eampiyonu olan U17 Futbol Tak\u0131m\u0131m\u0131z, elde etti\u011fi b\u00fcy\u00fck ba\u015far\u0131n\u0131n ard\u0131ndan aileleriyle birlikte amat\u00f6r ligde m\u00fccadele etme arzusunu bizlere iletti. Biz de y\u00f6netim olarak gen\u00e7lerimizin bu iste\u011fini b\u00fcy\u00fck bir mutlulukla de\u011ferlendirdik. Belediye Ba\u015fkan\u0131m\u0131z Semih Balaban, transfer politikas\u0131 izlenmeden, tamamen altyap\u0131dan yeti\u015fen oyuncular\u0131m\u0131zla A tak\u0131m olu\u015fturulmas\u0131na destek vererek gen\u00e7lerimizin hayallerine sahip \u00e7\u0131kt\u0131. Bu karar, sadece bir spor hamlesi de\u011fil; ayn\u0131 zamanda Yunusemre Belediyespor\u2019un yeti\u015ftirici kul\u00fcp kimli\u011fini g\u00fc\u00e7lendiren, gen\u00e7lerimizin geli\u015fimine ve gelece\u011fine y\u00f6n veren tarihi bir ad\u0131md\u0131r. Amac\u0131m\u0131z, gen\u00e7lerimizin daha fazla tecr\u00fcbe kazanarak bireysel geli\u015fimlerini s\u00fcrd\u00fcrmeleri ve uzun vadede T\u00fcrk futboluna katk\u0131 sa\u011flamalar\u0131d\u0131r.&#8221;<br \/>\n<br \/>Ba\u015fkan Kanik, her zaman gen\u00e7lerin yan\u0131nda olan Belediye Ba\u015fkan\u0131 Semih Balaban\u2019a te\u015fekk\u00fcr ederek, al\u0131nan karar\u0131n Manisa futboluna yeni bir heyecan kataca\u011f\u0131na inand\u0131klar\u0131n\u0131 s\u00f6yledi. Bu tarihi karar\u0131n ard\u0131ndan gen\u00e7lerden kurulu Yunusemre Belediyespor A Tak\u0131m\u0131, Manisa 1. Amat\u00f6r Lig\u2019de oynad\u0131\u011f\u0131 ilk ma\u00e7ta Yuntda\u011fspor\u2019u 3-1 ma\u011flup ederek sezona \u00fc\u00e7 puanla ba\u015flad\u0131. Galibiyeti getiren goller; Arda Eren G\u00fcne\u015f (2) ve Ahmet \u015ean\u0131er\u2019den geldi.<br \/><\/p>\n","protected":false},"excerpt":{"rendered":"<p>Yunusemre Belediyespor, T\u00fcrkiye \u015eampiyonu olan U17 Futbol Tak\u0131m\u0131 ile Manisa 1.Amat\u00f6r Lig\u2019e kat\u0131lma karar\u0131 ald\u0131. Al\u0131nan karar\u0131n \u00f6nemine dikkat \u00e7eken Kul\u00fcp Ba\u015fkan\u0131 B\u00fclent Kanik, gen\u00e7lere destek veren Yunusemre Belediye Ba\u015fkan\u0131 Semih Balaban\u2019a te\u015fekk\u00fcr etti. T\u00fcrkiye \u015eampiyonu olan Yunusemre Belediyespor U17 Futbol Tak\u0131m\u0131, ailelerinin de talebiyle 2025-2026 sezonunda A tak\u0131m olarak Manisa 1. Amat\u00f6r Lig\u2019de m\u00fccadele&#8230;<\/p>\n","protected":false},"author":1,"featured_media":57999,"comment_status":"open","ping_status":"open","sticky":false,"template":"","format":"standard","meta":{"_crdt_document":"","footnotes":""},"categories":[4],"tags":[],"class_list":["post-57998","post","type-post","status-publish","format-standard","has-post-thumbnail","hentry","category-spor"],"_links":{"self":[{"href":"https:\/\/www.egemtv.com\/index.php?rest_route=\/wp\/v2\/posts\/57998","targetHints":{"allow":["GET"]}}],"collection":[{"href":"https:\/\/www.egemtv.com\/index.php?rest_route=\/wp\/v2\/posts"}],"about":[{"href":"https:\/\/www.egemtv.com\/index.php?rest_route=\/wp\/v2\/types\/post"}],"author":[{"embeddable":true,"href":"https:\/\/www.egemtv.com\/index.php?rest_route=\/wp\/v2\/users\/1"}],"replies":[{"embeddable":true,"href":"https:\/\/www.egemtv.com\/index.php?rest_route=%2Fwp%2Fv2%2Fcomments&post=57998"}],"version-history":[{"count":1,"href":"https:\/\/www.egemtv.com\/index.php?rest_route=\/wp\/v2\/posts\/57998\/revisions"}],"predecessor-version":[{"id":58000,"href":"https:\/\/www.egemtv.com\/index.php?rest_route=\/wp\/v2\/posts\/57998\/revisions\/58000"}],"wp:featuredmedia":[{"embeddable":true,"href":"https:\/\/www.egemtv.com\/index.php?rest_route=\/wp\/v2\/media\/57999"}],"wp:attachment":[{"href":"https:\/\/www.egemtv.com\/index.php?rest_route=%2Fwp%2Fv2%2Fmedia&parent=57998"}],"wp:term":[{"taxonomy":"category","embeddable":true,"href":"https:\/\/www.egemtv.com\/index.php?rest_route=%2Fwp%2Fv2%2Fcategories&post=57998"},{"taxonomy":"post_tag","embeddable":true,"href":"https:\/\/www.egemtv.com\/index.php?rest_route=%2Fwp%2Fv2%2Ftags&post=57998"}],"curies":[{"name":"wp","href":"https:\/\/api.w.org\/{rel}","templated":true}]}}