{"id":57989,"date":"2025-09-29T10:15:25","date_gmt":"2025-09-29T07:15:25","guid":{"rendered":"https:\/\/www.egemtv.com\/?p=57989"},"modified":"2025-09-29T10:15:27","modified_gmt":"2025-09-29T07:15:27","slug":"marmarisin-unlu-avukati-sukru-kaplan-dunyaevine-girdi","status":"publish","type":"post","link":"https:\/\/www.egemtv.com\/?p=57989","title":{"rendered":"Marmaris\u2019in \u00dcnl\u00fc Avukat\u0131 \u015e\u00fckr\u00fc Kaplan,  d\u00fcnyaevine girdi"},"content":{"rendered":"<p>Sinpa\u015f Holding, Green Nature ve Pa\u015fa Otelleri ba\u015fta olmak \u00fczere b\u00f6lgenin bir\u00e7ok markas\u0131n\u0131n hukuk dan\u0131\u015fmanl\u0131\u011f\u0131n\u0131 y\u00fcr\u00fcten Marmaris\u2019in tan\u0131nm\u0131\u015f avukatlar\u0131ndan \u015e\u00fckr\u00fc Kaplan, Funda \u00d6zl\u00fc ile evlendi.<br \/>\n<br \/>\u00c7iftin d\u00fc\u011f\u00fcn\u00fc, Pineta Otel\u2019de ger\u00e7ekle\u015ftirilen g\u00f6rkemli bir organizasyonla Marmaris\u2019in i\u015f ve cemiyet hayat\u0131n\u0131n \u00f6nde gelen isimlerini bir araya getirdi. Se\u00e7kin davetliler, gen\u00e7 \u00e7iftin mutlulu\u011funu payla\u015f\u0131rken renkli sahne performanslar\u0131 ve keyifli m\u00fcziklerle unutulmaz bir gece ya\u015fand\u0131.<br \/>\n<br \/>Marmaris\u2019in k\u00f6kl\u00fc ailelerinden gelen turizm sekt\u00f6r\u00fcnde uzun y\u0131llar hizmet veren Osman Kaplan\u2019\u0131n o\u011flu Avukat \u015e\u00fckr\u00fc Kapalan ile yine i\u015f d\u00fcnyas\u0131ndaki ba\u015far\u0131lar\u0131yla tan\u0131nan Muzaffer \u00d6zl\u00fc\u2019n\u00fcn k\u0131z\u0131 Funda \u00d6zl\u00fc muhte\u015fem bir organizasyonla bir \u00f6m\u00fcr boyu mutlulu\u011fa \u2018evet\u2019 deyip d\u00fcnyaevine girdiler.<br \/>\n<br \/>Marmaris\u2019i bulu\u015fturan d\u00fc\u011f\u00fcn<br \/>\n<br \/>T\u00f6rene; Sinpa\u015f Holding Y\u00f6netim Kurulu Ba\u015fkan Vekili Ahmet \u00c7elik, Sinpa\u015f\/K\u0131z\u0131lb\u00fck GYO Y\u00f6netim Kurulu \u00dcyesi Mahmut Sefa \u00c7elik, Marmaris Belediye Ba\u015fkan\u0131 Acar \u00dcnl\u00fc, Marmaris Kaymakam\u0131 Nurullah Kaya, milletvekilleri, hukuk camias\u0131 temsilcileri, i\u015f d\u00fcnyas\u0131ndan \u00e7ok say\u0131da isim ve davetliler kat\u0131ld\u0131.<br \/><\/p>\n","protected":false},"excerpt":{"rendered":"<p>Sinpa\u015f Holding, Green Nature ve Pa\u015fa Otelleri ba\u015fta olmak \u00fczere b\u00f6lgenin bir\u00e7ok markas\u0131n\u0131n hukuk dan\u0131\u015fmanl\u0131\u011f\u0131n\u0131 y\u00fcr\u00fcten Marmaris\u2019in tan\u0131nm\u0131\u015f avukatlar\u0131ndan \u015e\u00fckr\u00fc Kaplan, Funda \u00d6zl\u00fc ile evlendi. \u00c7iftin d\u00fc\u011f\u00fcn\u00fc, Pineta Otel\u2019de ger\u00e7ekle\u015ftirilen g\u00f6rkemli bir organizasyonla Marmaris\u2019in i\u015f ve cemiyet hayat\u0131n\u0131n \u00f6nde gelen isimlerini bir araya getirdi. Se\u00e7kin davetliler, gen\u00e7 \u00e7iftin mutlulu\u011funu payla\u015f\u0131rken renkli sahne performanslar\u0131 ve keyifli&#8230;<\/p>\n","protected":false},"author":1,"featured_media":57990,"comment_status":"open","ping_status":"open","sticky":false,"template":"","format":"standard","meta":{"_crdt_document":"","footnotes":""},"categories":[1],"tags":[],"class_list":["post-57989","post","type-post","status-publish","format-standard","has-post-thumbnail","hentry","category-guncel"],"_links":{"self":[{"href":"https:\/\/www.egemtv.com\/index.php?rest_route=\/wp\/v2\/posts\/57989","targetHints":{"allow":["GET"]}}],"collection":[{"href":"https:\/\/www.egemtv.com\/index.php?rest_route=\/wp\/v2\/posts"}],"about":[{"href":"https:\/\/www.egemtv.com\/index.php?rest_route=\/wp\/v2\/types\/post"}],"author":[{"embeddable":true,"href":"https:\/\/www.egemtv.com\/index.php?rest_route=\/wp\/v2\/users\/1"}],"replies":[{"embeddable":true,"href":"https:\/\/www.egemtv.com\/index.php?rest_route=%2Fwp%2Fv2%2Fcomments&post=57989"}],"version-history":[{"count":1,"href":"https:\/\/www.egemtv.com\/index.php?rest_route=\/wp\/v2\/posts\/57989\/revisions"}],"predecessor-version":[{"id":57991,"href":"https:\/\/www.egemtv.com\/index.php?rest_route=\/wp\/v2\/posts\/57989\/revisions\/57991"}],"wp:featuredmedia":[{"embeddable":true,"href":"https:\/\/www.egemtv.com\/index.php?rest_route=\/wp\/v2\/media\/57990"}],"wp:attachment":[{"href":"https:\/\/www.egemtv.com\/index.php?rest_route=%2Fwp%2Fv2%2Fmedia&parent=57989"}],"wp:term":[{"taxonomy":"category","embeddable":true,"href":"https:\/\/www.egemtv.com\/index.php?rest_route=%2Fwp%2Fv2%2Fcategories&post=57989"},{"taxonomy":"post_tag","embeddable":true,"href":"https:\/\/www.egemtv.com\/index.php?rest_route=%2Fwp%2Fv2%2Ftags&post=57989"}],"curies":[{"name":"wp","href":"https:\/\/api.w.org\/{rel}","templated":true}]}}