{"id":57986,"date":"2025-09-29T10:15:23","date_gmt":"2025-09-29T07:15:23","guid":{"rendered":"https:\/\/www.egemtv.com\/?p=57986"},"modified":"2025-09-29T10:15:25","modified_gmt":"2025-09-29T07:15:25","slug":"yenipazarda-pide-festivali-icin-geri-sayim-basladi","status":"publish","type":"post","link":"https:\/\/www.egemtv.com\/?p=57986","title":{"rendered":"Yenipazar\u2019da Pide Festivali i\u00e7in geri say\u0131m ba\u015flad\u0131"},"content":{"rendered":"<p>Ayd\u0131n\u2019\u0131n Yenipazar il\u00e7esinde ger\u00e7ekle\u015ftirilecek olan Yenifest Pide Festivali i\u00e7in geri say\u0131m ba\u015flarken, Belediye Ba\u015fkan\u0131 Malik Ercan herkesi festivale davet etti.<\/p>\n<p>Yenipazar Belediyesi, il\u00e7enin geleneksel lezzetlerini ve e\u011flenceli etkinliklerini bir araya getiren &#8220;Yenifest Pide Festivali&#8221; i\u00e7in g\u00fcn say\u0131yor. 2-5 Ekim tarihleri aras\u0131nda Atat\u00fcrk Park\u0131\u2019nda Ayd\u0131n B\u00fcy\u00fck\u015fehir Belediyesi\u2019nin de katk\u0131lar\u0131yla ger\u00e7ekle\u015ftirilecek olan festivalde, sunuculu\u011funu Ay\u015feg\u00fcl Ko\u00e7 ve Sevtu\u011f\u2019un \u00fcstlenece\u011fi konserler kapsam\u0131nda \u00fcnl\u00fc sanat\u00e7\u0131lar sahne alacak. 3 Ekim\u2019de Zakkum, 4 Ekim\u2019de Nahide Babashli, 5 Ekim\u2019de ise I\u015f\u0131n Karaca Yenipazarl\u0131larla bulu\u015facak. Misafirler, konserlerin yan\u0131 s\u0131ra festival alan\u0131nda a\u00e7\u0131lacak y\u00f6resel \u00fcr\u00fcn, hediyelik e\u015fya, tekstil ve z\u00fcccaciye stantlar\u0131n\u0131 ziyaret edebilecek. Ayr\u0131ca \u00e7ocuklar i\u00e7in lunapark ve oyun alanlar\u0131, d\u00f6rt g\u00fcn boyunca il\u00e7eye renk katacak.<\/p>\n<p>Yenipazar Belediye Ba\u015fkan\u0131 Malik Ercan, sosyal medya hesab\u0131ndan yapt\u0131\u011f\u0131 payla\u015f\u0131mda t\u00fcm vatanda\u015flar\u0131 festivale davet ederek, &#8220;B\u00fcy\u00fck heyecana haz\u0131r m\u0131s\u0131n\u0131z? \u0130l\u00e7emizde 2-5 Ekim tarihleri aras\u0131nda Pide Festivalimizi ger\u00e7ekle\u015ftirece\u011fiz. T\u00fcm halk\u0131m\u0131z davetlidir&#8221; ifadelerini kulland\u0131.<br \/><\/p>\n","protected":false},"excerpt":{"rendered":"<p>Ayd\u0131n\u2019\u0131n Yenipazar il\u00e7esinde ger\u00e7ekle\u015ftirilecek olan Yenifest Pide Festivali i\u00e7in geri say\u0131m ba\u015flarken, Belediye Ba\u015fkan\u0131 Malik Ercan herkesi festivale davet etti. Yenipazar Belediyesi, il\u00e7enin geleneksel lezzetlerini ve e\u011flenceli etkinliklerini bir araya getiren &#8220;Yenifest Pide Festivali&#8221; i\u00e7in g\u00fcn say\u0131yor. 2-5 Ekim tarihleri aras\u0131nda Atat\u00fcrk Park\u0131\u2019nda Ayd\u0131n B\u00fcy\u00fck\u015fehir Belediyesi\u2019nin de katk\u0131lar\u0131yla ger\u00e7ekle\u015ftirilecek olan festivalde, sunuculu\u011funu Ay\u015feg\u00fcl Ko\u00e7 ve&#8230;<\/p>\n","protected":false},"author":1,"featured_media":57987,"comment_status":"open","ping_status":"open","sticky":false,"template":"","format":"standard","meta":{"_crdt_document":"","footnotes":""},"categories":[1],"tags":[],"class_list":["post-57986","post","type-post","status-publish","format-standard","has-post-thumbnail","hentry","category-guncel"],"_links":{"self":[{"href":"https:\/\/www.egemtv.com\/index.php?rest_route=\/wp\/v2\/posts\/57986","targetHints":{"allow":["GET"]}}],"collection":[{"href":"https:\/\/www.egemtv.com\/index.php?rest_route=\/wp\/v2\/posts"}],"about":[{"href":"https:\/\/www.egemtv.com\/index.php?rest_route=\/wp\/v2\/types\/post"}],"author":[{"embeddable":true,"href":"https:\/\/www.egemtv.com\/index.php?rest_route=\/wp\/v2\/users\/1"}],"replies":[{"embeddable":true,"href":"https:\/\/www.egemtv.com\/index.php?rest_route=%2Fwp%2Fv2%2Fcomments&post=57986"}],"version-history":[{"count":1,"href":"https:\/\/www.egemtv.com\/index.php?rest_route=\/wp\/v2\/posts\/57986\/revisions"}],"predecessor-version":[{"id":57988,"href":"https:\/\/www.egemtv.com\/index.php?rest_route=\/wp\/v2\/posts\/57986\/revisions\/57988"}],"wp:featuredmedia":[{"embeddable":true,"href":"https:\/\/www.egemtv.com\/index.php?rest_route=\/wp\/v2\/media\/57987"}],"wp:attachment":[{"href":"https:\/\/www.egemtv.com\/index.php?rest_route=%2Fwp%2Fv2%2Fmedia&parent=57986"}],"wp:term":[{"taxonomy":"category","embeddable":true,"href":"https:\/\/www.egemtv.com\/index.php?rest_route=%2Fwp%2Fv2%2Fcategories&post=57986"},{"taxonomy":"post_tag","embeddable":true,"href":"https:\/\/www.egemtv.com\/index.php?rest_route=%2Fwp%2Fv2%2Ftags&post=57986"}],"curies":[{"name":"wp","href":"https:\/\/api.w.org\/{rel}","templated":true}]}}