{"id":57983,"date":"2025-09-29T10:15:22","date_gmt":"2025-09-29T07:15:22","guid":{"rendered":"https:\/\/www.egemtv.com\/?p=57983"},"modified":"2025-09-29T10:15:23","modified_gmt":"2025-09-29T07:15:23","slug":"baskan-saygili-universite-ogrencilerini-evinde-misafir-etti","status":"publish","type":"post","link":"https:\/\/www.egemtv.com\/?p=57983","title":{"rendered":"Ba\u015fkan Sayg\u0131l\u0131, \u00fcniversite \u00f6\u011frencilerini evinde misafir etti"},"content":{"rendered":"<p>AK Parti \u0130zmir \u0130l Ba\u015fkan\u0131 Bilal Sayg\u0131l\u0131, devlet yurdunda kalan \u00fcniversite \u00f6\u011frencilerini evinde misafir etti. Sayg\u0131l\u0131, \u0130zmir\u2019deki KYK yurtlar\u0131nda ba\u015fvuru yapan her \u00f6\u011frencinin yerle\u015ftirildi\u011fini, bin 350 ki\u015filik bo\u015f kapasitenin ise hala \u00f6\u011frencileri bekledi\u011fini s\u00f6yledi.<br \/>\n<br \/>AK Parti \u0130zmir \u0130l Ba\u015fkan\u0131 Bilal Sayg\u0131l\u0131, aralar\u0131nda devlet yurdunda kalan \u00fcniversite \u00f6\u011frencilerini evinde misafir etti. Ba\u015fkan Sayg\u0131l\u0131, \u0130zmir\u2019e \u00fcniversite okumak i\u00e7in gelen ve Kredi Yurtlar Kurumu\u2019na ba\u015fvuran her bir \u00f6\u011frencinin yurda yerle\u015ftirildi\u011fini belirterek, &#8220;Ba\u015fvuru yapamayan 1000 \u00f6\u011frencimiz bile yurtta misafir \u00f6\u011frenci olarak konaklamaktad\u0131r. Hala toplamda 1350 ki\u015filik bo\u015f yatak mevcut. Yurtlarda, ders \u00e7al\u0131\u015fma salonlar\u0131ndan spor alanlar\u0131na, toplant\u0131 ve sosyal ya\u015fam alanlar\u0131ndan \u00fccretsiz internet hizmetine kadar alan \u00f6\u011frencilerimiz kahvalt\u0131 ve ak\u015fam yeme\u011fini \u00fccretsiz yemektedir. Bu tablo; Cumhurba\u015fkan\u0131m\u0131z Say\u0131n Recep Tayyip Erdo\u011fan\u2019\u0131n gen\u00e7li\u011fe verdi\u011fi de\u011ferin ve AK Parti h\u00fck\u00fcmetlerimizin \u00f6\u011frencilere olan hassasiyetinin en somut g\u00f6stergesidir&#8221; dedi.<br \/>\n<br \/>AK Parti \u0130zmir \u0130l Ba\u015fkan\u0131 Bilal Sayg\u0131l\u0131, yeni \u00f6\u011fretim y\u0131l\u0131 ba\u015f\u0131nda Ege \u00dcniversitesi Makine M\u00fchendisli\u011fi4. S\u0131n\u0131f \u00f6\u011frencisi Dilruba Demirci, Ege \u00dcniversitesi Makine M\u00fchendisli\u011fi 3. S\u0131n\u0131f \u00f6\u011frencisi Arda Vurucu, Katip \u00c7elebi \u00dcniversitesi Malzeme M\u00fchendisli\u011fi 2. S\u0131n\u0131f \u00f6\u011frencisi Ahmet Kahraman ve 9 Eyl\u00fcl \u0130lahiyat Fak\u00fcltesi 2. S\u0131n\u0131f \u00f6\u011frencisi Sude \u00d6zdemir\u2019i e\u015fi \u015eahika Sayg\u0131l\u0131 ile birlikte evinde misafir etti. \u0130l Gen\u00e7lik Kollar\u0131 Ba\u015fkan\u0131 Mehmet Emin \u0130\u00e7elli\u2019nin de e\u015flik etti\u011fi bulu\u015fmada, \u00f6\u011frenciler ile sohbet eden Ba\u015fkan Sayg\u0131l\u0131, \u00fcniversite y\u0131llar\u0131ndaki hat\u0131ralar\u0131n\u0131 da anlatt\u0131.<\/p>\n<p>&#8220;Bu tablo \u00f6\u011frencilere olan hassasiyetin en somut g\u00f6stergesidir&#8221;<br \/>\n<br \/>AK Parti \u0130zmir \u0130l Ba\u015fkan\u0131 Bilal Sayg\u0131l\u0131, \u0130zmir\u2019deki yurtlarla ilgili bilgi de verdi. Ba\u015fkan Sayg\u0131l\u0131, &#8220;\u0130zmir\u2019imizde Gen\u00e7lik ve Spor Bakanl\u0131\u011f\u0131m\u0131za ba\u011fl\u0131 42 bin 472 kapasiteli Kredi Yurtlar Kurumu yurdu \u00f6\u011frencilerimizin hizmetindedir. Yeni d\u00f6nem itibar\u0131yla yurt ba\u015fvurusu yapan her bir \u00f6\u011frencimiz yerle\u015ftirilmi\u015f, ba\u015fvuru yapamayan bin \u00f6\u011frencimiz de misafir \u00f6\u011frenci olarak yurtlar\u0131m\u0131zda konaklama imk\u00e2n\u0131 bulmu\u015ftur. Bug\u00fcn Bayrakl\u0131\u2019daki k\u0131z yurdumuzda bin, Bal\u00e7ova \u0130nciralt\u0131 erkek yurdumuzda 200, Karaba\u011flar\u2019da ise 150 olmak \u00fczere toplam bin 350 ki\u015filik bo\u015f yatak kapasitesi \u00f6\u011frencilerimizi beklemektedir. Yurtlar\u0131m\u0131z sadece bar\u0131nma alan\u0131 de\u011fildir; ders \u00e7al\u0131\u015fma salonlar\u0131ndan spor alanlar\u0131na, toplant\u0131 ve sosyal ya\u015fam alanlar\u0131ndan \u00fccretsiz internet hizmetine kadar her detay d\u00fc\u015f\u00fcn\u00fclm\u00fc\u015ft\u00fcr. \u00d6\u011frencilerimiz, devletimizin sa\u011flad\u0131\u011f\u0131 g\u00fcnl\u00fck 220 TL yemek deste\u011fi ile kahvalt\u0131s\u0131n\u0131 ve ak\u015fam yeme\u011fini ekstra \u00f6deme yapmadan yurtlar\u0131m\u0131zda kar\u015f\u0131lamaktad\u0131r. Bu tablo; Cumhurba\u015fkan\u0131m\u0131z Say\u0131n Recep Tayyip Erdo\u011fan\u2019\u0131n gen\u00e7li\u011fe verdi\u011fi de\u011ferin ve AK Parti h\u00fck\u00fcmetlerimizin \u00f6\u011frencilere olan hassasiyetinin en somut g\u00f6stergesidir. Gen\u00e7lerimiz i\u00e7in at\u0131lan her ad\u0131m, yar\u0131nlar\u0131m\u0131z i\u00e7in yap\u0131lan en b\u00fcy\u00fck yat\u0131r\u0131md\u0131r. \u00c7\u00fcnk\u00fc biz biliyoruz ki; T\u00fcrkiye Y\u00fczy\u0131l\u0131\u2019n\u0131n ger\u00e7ek mimarlar\u0131 gen\u00e7lerimizdir. \u00dcniversite s\u0131ralar\u0131nda yeti\u015fen her bir gencimiz, yar\u0131n\u0131n bilim insan\u0131, giri\u015fimcisi, sanat\u00e7\u0131s\u0131, siyaset\u00e7isi ve lideri olacakt\u0131r. Bug\u00fcn devletimizin \u015fefkatli eliyle bar\u0131nma, beslenme ve sosyal imk\u00e2nlarla desteklenen gen\u00e7lerimiz, yar\u0131n bu \u00fclkeyi \u00e7ok daha ileriye ta\u015f\u0131yacakt\u0131r. Cumhurba\u015fkan\u0131m\u0131z Erdo\u011fan\u2019\u0131n kararl\u0131 vizyonu ve AK Parti\u2019nin hizmet siyasetiyle, gen\u00e7lerimizin \u00f6n\u00fcndeki engeller bir bir kalkmakta; onlar\u0131n hayallerini ger\u00e7ekle\u015ftirmesi i\u00e7in g\u00fc\u00e7l\u00fc bir zemin haz\u0131rlanmaktad\u0131r. Biz inan\u0131yoruz ki; bu gen\u00e7lik, aziz milletimizin gururu ve T\u00fcrkiye\u2019nin ayd\u0131nl\u0131k yar\u0131nlar\u0131n\u0131n teminat\u0131 olacakt\u0131r&#8221; dedi.<br \/><\/p>\n","protected":false},"excerpt":{"rendered":"<p>AK Parti \u0130zmir \u0130l Ba\u015fkan\u0131 Bilal Sayg\u0131l\u0131, devlet yurdunda kalan \u00fcniversite \u00f6\u011frencilerini evinde misafir etti. Sayg\u0131l\u0131, \u0130zmir\u2019deki KYK yurtlar\u0131nda ba\u015fvuru yapan her \u00f6\u011frencinin yerle\u015ftirildi\u011fini, bin 350 ki\u015filik bo\u015f kapasitenin ise hala \u00f6\u011frencileri bekledi\u011fini s\u00f6yledi. AK Parti \u0130zmir \u0130l Ba\u015fkan\u0131 Bilal Sayg\u0131l\u0131, aralar\u0131nda devlet yurdunda kalan \u00fcniversite \u00f6\u011frencilerini evinde misafir etti. Ba\u015fkan Sayg\u0131l\u0131, \u0130zmir\u2019e \u00fcniversite okumak&#8230;<\/p>\n","protected":false},"author":1,"featured_media":57984,"comment_status":"open","ping_status":"open","sticky":false,"template":"","format":"standard","meta":{"_crdt_document":"","footnotes":""},"categories":[127],"tags":[],"class_list":["post-57983","post","type-post","status-publish","format-standard","has-post-thumbnail","hentry","category-siyaset"],"_links":{"self":[{"href":"https:\/\/www.egemtv.com\/index.php?rest_route=\/wp\/v2\/posts\/57983","targetHints":{"allow":["GET"]}}],"collection":[{"href":"https:\/\/www.egemtv.com\/index.php?rest_route=\/wp\/v2\/posts"}],"about":[{"href":"https:\/\/www.egemtv.com\/index.php?rest_route=\/wp\/v2\/types\/post"}],"author":[{"embeddable":true,"href":"https:\/\/www.egemtv.com\/index.php?rest_route=\/wp\/v2\/users\/1"}],"replies":[{"embeddable":true,"href":"https:\/\/www.egemtv.com\/index.php?rest_route=%2Fwp%2Fv2%2Fcomments&post=57983"}],"version-history":[{"count":1,"href":"https:\/\/www.egemtv.com\/index.php?rest_route=\/wp\/v2\/posts\/57983\/revisions"}],"predecessor-version":[{"id":57985,"href":"https:\/\/www.egemtv.com\/index.php?rest_route=\/wp\/v2\/posts\/57983\/revisions\/57985"}],"wp:featuredmedia":[{"embeddable":true,"href":"https:\/\/www.egemtv.com\/index.php?rest_route=\/wp\/v2\/media\/57984"}],"wp:attachment":[{"href":"https:\/\/www.egemtv.com\/index.php?rest_route=%2Fwp%2Fv2%2Fmedia&parent=57983"}],"wp:term":[{"taxonomy":"category","embeddable":true,"href":"https:\/\/www.egemtv.com\/index.php?rest_route=%2Fwp%2Fv2%2Fcategories&post=57983"},{"taxonomy":"post_tag","embeddable":true,"href":"https:\/\/www.egemtv.com\/index.php?rest_route=%2Fwp%2Fv2%2Ftags&post=57983"}],"curies":[{"name":"wp","href":"https:\/\/api.w.org\/{rel}","templated":true}]}}