{"id":57962,"date":"2025-09-29T02:54:54","date_gmt":"2025-09-28T23:54:54","guid":{"rendered":"https:\/\/www.egemtv.com\/?p=57962"},"modified":"2025-09-29T02:54:55","modified_gmt":"2025-09-28T23:54:55","slug":"muglada-havalimani-otobusu-kaza-yapti-5-yarali","status":"publish","type":"post","link":"https:\/\/www.egemtv.com\/?p=57962","title":{"rendered":"Mu\u011fla\u2019da havaliman\u0131 otob\u00fcs\u00fc kaza yapt\u0131: 5 yaral\u0131"},"content":{"rendered":"<p>Mu\u011fla\u2019n\u0131n Mente\u015fe il\u00e7esinde havaliman\u0131 yolcu ta\u015f\u0131mac\u0131l\u0131\u011f\u0131 yapan otob\u00fcs kaza yapt\u0131. Kazada 5 ki\u015fi yaraland\u0131.<br \/>\n<br \/>Kaza, Mente\u015fe\u2019deki polis noktas\u0131na yak\u0131n bir b\u00f6lgede meydana geldi. \u0130skender Aslan y\u00f6netimindeki 48 APN 258 plakal\u0131 havaliman\u0131 otob\u00fcs\u00fc, hen\u00fcz bilinmeyen bir nedenle kontrolden \u00e7\u0131karak tek tarafl\u0131 kaza yapt\u0131.<br \/>\n<br \/>Olay yerine sa\u011fl\u0131k, polis ve itfaiye ekipleri sevk edildi. Kazada s\u00fcr\u00fcc\u00fcyle birlikte toplam 5 ki\u015fi yaraland\u0131. Yaral\u0131lar\u0131n hayati tehlikelerinin bulunmad\u0131\u011f\u0131 \u00f6\u011frenildi. \u0130lk m\u00fcdahaleleri olay yerinde yap\u0131lan yaral\u0131lar, daha sonra ambulanslarla hastaneye kald\u0131r\u0131ld\u0131.<br \/>\n<br \/>Kazayla ilgili soru\u015fturma ba\u015flat\u0131ld\u0131.<br \/><\/p>\n","protected":false},"excerpt":{"rendered":"<p>Mu\u011fla\u2019n\u0131n Mente\u015fe il\u00e7esinde havaliman\u0131 yolcu ta\u015f\u0131mac\u0131l\u0131\u011f\u0131 yapan otob\u00fcs kaza yapt\u0131. Kazada 5 ki\u015fi yaraland\u0131. Kaza, Mente\u015fe\u2019deki polis noktas\u0131na yak\u0131n bir b\u00f6lgede meydana geldi. \u0130skender Aslan y\u00f6netimindeki 48 APN 258 plakal\u0131 havaliman\u0131 otob\u00fcs\u00fc, hen\u00fcz bilinmeyen bir nedenle kontrolden \u00e7\u0131karak tek tarafl\u0131 kaza yapt\u0131. Olay yerine sa\u011fl\u0131k, polis ve itfaiye ekipleri sevk edildi. Kazada s\u00fcr\u00fcc\u00fcyle birlikte toplam&#8230;<\/p>\n","protected":false},"author":1,"featured_media":57963,"comment_status":"open","ping_status":"open","sticky":false,"template":"","format":"standard","meta":{"_crdt_document":"","footnotes":""},"categories":[5],"tags":[],"class_list":["post-57962","post","type-post","status-publish","format-standard","has-post-thumbnail","hentry","category-asayis"],"_links":{"self":[{"href":"https:\/\/www.egemtv.com\/index.php?rest_route=\/wp\/v2\/posts\/57962","targetHints":{"allow":["GET"]}}],"collection":[{"href":"https:\/\/www.egemtv.com\/index.php?rest_route=\/wp\/v2\/posts"}],"about":[{"href":"https:\/\/www.egemtv.com\/index.php?rest_route=\/wp\/v2\/types\/post"}],"author":[{"embeddable":true,"href":"https:\/\/www.egemtv.com\/index.php?rest_route=\/wp\/v2\/users\/1"}],"replies":[{"embeddable":true,"href":"https:\/\/www.egemtv.com\/index.php?rest_route=%2Fwp%2Fv2%2Fcomments&post=57962"}],"version-history":[{"count":1,"href":"https:\/\/www.egemtv.com\/index.php?rest_route=\/wp\/v2\/posts\/57962\/revisions"}],"predecessor-version":[{"id":57964,"href":"https:\/\/www.egemtv.com\/index.php?rest_route=\/wp\/v2\/posts\/57962\/revisions\/57964"}],"wp:featuredmedia":[{"embeddable":true,"href":"https:\/\/www.egemtv.com\/index.php?rest_route=\/wp\/v2\/media\/57963"}],"wp:attachment":[{"href":"https:\/\/www.egemtv.com\/index.php?rest_route=%2Fwp%2Fv2%2Fmedia&parent=57962"}],"wp:term":[{"taxonomy":"category","embeddable":true,"href":"https:\/\/www.egemtv.com\/index.php?rest_route=%2Fwp%2Fv2%2Fcategories&post=57962"},{"taxonomy":"post_tag","embeddable":true,"href":"https:\/\/www.egemtv.com\/index.php?rest_route=%2Fwp%2Fv2%2Ftags&post=57962"}],"curies":[{"name":"wp","href":"https:\/\/api.w.org\/{rel}","templated":true}]}}