{"id":57959,"date":"2025-09-29T01:14:51","date_gmt":"2025-09-28T22:14:51","guid":{"rendered":"https:\/\/www.egemtv.com\/?p=57959"},"modified":"2025-09-29T01:14:52","modified_gmt":"2025-09-28T22:14:52","slug":"manisada-feci-kazada-otomobil-ikiye-bolundu-1i-cocuk-5-olu-6-yarali","status":"publish","type":"post","link":"https:\/\/www.egemtv.com\/?p=57959","title":{"rendered":"Manisa\u2019da feci kazada otomobil ikiye b\u00f6l\u00fcnd\u00fc: 1\u2019i \u00e7ocuk 5 \u00f6l\u00fc, 6 yaral\u0131"},"content":{"rendered":"<p>Manisa\u2019n\u0131n Salihli il\u00e7esinde meydana gelen feci kazada, kar\u015f\u0131 \u015feride ge\u00e7en otomobilin pikapla \u00e7arp\u0131\u015fmas\u0131 sonucu meydana gelen kazada 1\u2019i \u00e7ocuk 5 ki\u015fi hayat\u0131n\u0131 kaybetti, 3\u2019\u00fc \u00e7ocuk 6 ki\u015fi ise yaraland\u0131.<br \/>\n<br \/>Kaza, Ankara-\u0130zmir D300 Karayolu \u00fczerindeki Caferbey Kav\u015fa\u011f\u0131 yak\u0131nlar\u0131nda meydana geldi. Edinilen bilgilere g\u00f6re, Salihli\u2019den \u0130zmir istikametine gitmekte olan ve s\u00fcr\u00fcc\u00fcs\u00fc tespit edilemeyen 35 BLC 88 plakal\u0131 otomobil, s\u00fcr\u00fcc\u00fcs\u00fcn\u00fcn direksiyon hakimiyetini kaybetmesi sonucu kar\u015f\u0131 \u015feride ge\u00e7erek, kar\u015f\u0131 y\u00f6nden gelen Mert G\u00fclderen(41) y\u00f6netimindeki 45 AVV 432 plakal\u0131 pikapla \u00e7arp\u0131\u015ft\u0131. \u0130hbar \u00fczerine olay yerine \u00e7ok say\u0131da sa\u011fl\u0131k, itfaiye ve polis ekibi sevk edildi. Sa\u011fl\u0131k ekiplerinin yapt\u0131\u011f\u0131 kontrolde, ikiye b\u00f6l\u00fcnen otomobilde bulunan 1\u2019i \u00e7ocuk 5 ki\u015finin olay yerinde hayat\u0131n\u0131 kaybetti\u011fini belirledi.<br \/>\n<br \/>Kazada otomobilde bulunan Elanur U. (4) ile pikap s\u00fcr\u00fcc\u00fcs\u00fc Mert G. (41) ile yolcular Zeynep Burcu G. (35), Deniz G. (68), Eline G. (2) ve Ertu\u011frul G. (1) yaraland\u0131. Yaral\u0131lar, sa\u011fl\u0131k ekipleri taraf\u0131ndan Salihli Devlet Hastanesi ile \u00d6zel Medig\u00fcne\u015f Hastanesi\u2019ne kald\u0131r\u0131ld\u0131. Durumu a\u011f\u0131r olan yaral\u0131lardan Elanur Uzunalt\u0131n, Manisa Celal Bayar \u00dcniversitesi Hafsa Sultan Hastanesi\u2019ne sevk edildi.<br \/>\n<br \/>Olay yerine hayat\u0131n\u0131 kaybeden Tu\u011f\u00e7e Karakay\u0131\u015f (35), Elif B\u00fc\u015fra Uzunalt\u0131n (29), Abdullah Mavzer (27), Hamza Uzunalt\u0131n (32) ve Kemal Uzunalt\u0131n\u2019\u0131n (6) cans\u0131z bedenleri yap\u0131lan incelemenin ard\u0131ndan Salihli Devlet Hastanesi Morgu\u2019na kald\u0131r\u0131ld\u0131.<br \/>\n<br \/>Kazayla ilgili soru\u015fturma ba\u015flat\u0131ld\u0131.<br \/><\/p>\n","protected":false},"excerpt":{"rendered":"<p>Manisa\u2019n\u0131n Salihli il\u00e7esinde meydana gelen feci kazada, kar\u015f\u0131 \u015feride ge\u00e7en otomobilin pikapla \u00e7arp\u0131\u015fmas\u0131 sonucu meydana gelen kazada 1\u2019i \u00e7ocuk 5 ki\u015fi hayat\u0131n\u0131 kaybetti, 3\u2019\u00fc \u00e7ocuk 6 ki\u015fi ise yaraland\u0131. Kaza, Ankara-\u0130zmir D300 Karayolu \u00fczerindeki Caferbey Kav\u015fa\u011f\u0131 yak\u0131nlar\u0131nda meydana geldi. Edinilen bilgilere g\u00f6re, Salihli\u2019den \u0130zmir istikametine gitmekte olan ve s\u00fcr\u00fcc\u00fcs\u00fc tespit edilemeyen 35 BLC 88 plakal\u0131&#8230;<\/p>\n","protected":false},"author":1,"featured_media":57960,"comment_status":"open","ping_status":"open","sticky":false,"template":"","format":"standard","meta":{"_crdt_document":"","footnotes":""},"categories":[5],"tags":[],"class_list":["post-57959","post","type-post","status-publish","format-standard","has-post-thumbnail","hentry","category-asayis"],"_links":{"self":[{"href":"https:\/\/www.egemtv.com\/index.php?rest_route=\/wp\/v2\/posts\/57959","targetHints":{"allow":["GET"]}}],"collection":[{"href":"https:\/\/www.egemtv.com\/index.php?rest_route=\/wp\/v2\/posts"}],"about":[{"href":"https:\/\/www.egemtv.com\/index.php?rest_route=\/wp\/v2\/types\/post"}],"author":[{"embeddable":true,"href":"https:\/\/www.egemtv.com\/index.php?rest_route=\/wp\/v2\/users\/1"}],"replies":[{"embeddable":true,"href":"https:\/\/www.egemtv.com\/index.php?rest_route=%2Fwp%2Fv2%2Fcomments&post=57959"}],"version-history":[{"count":1,"href":"https:\/\/www.egemtv.com\/index.php?rest_route=\/wp\/v2\/posts\/57959\/revisions"}],"predecessor-version":[{"id":57961,"href":"https:\/\/www.egemtv.com\/index.php?rest_route=\/wp\/v2\/posts\/57959\/revisions\/57961"}],"wp:featuredmedia":[{"embeddable":true,"href":"https:\/\/www.egemtv.com\/index.php?rest_route=\/wp\/v2\/media\/57960"}],"wp:attachment":[{"href":"https:\/\/www.egemtv.com\/index.php?rest_route=%2Fwp%2Fv2%2Fmedia&parent=57959"}],"wp:term":[{"taxonomy":"category","embeddable":true,"href":"https:\/\/www.egemtv.com\/index.php?rest_route=%2Fwp%2Fv2%2Fcategories&post=57959"},{"taxonomy":"post_tag","embeddable":true,"href":"https:\/\/www.egemtv.com\/index.php?rest_route=%2Fwp%2Fv2%2Ftags&post=57959"}],"curies":[{"name":"wp","href":"https:\/\/api.w.org\/{rel}","templated":true}]}}