{"id":57953,"date":"2025-09-28T23:54:47","date_gmt":"2025-09-28T20:54:47","guid":{"rendered":"https:\/\/www.egemtv.com\/?p=57953"},"modified":"2025-09-28T23:54:49","modified_gmt":"2025-09-28T20:54:49","slug":"simav-besik-gibi-sallaniyor","status":"publish","type":"post","link":"https:\/\/www.egemtv.com\/?p=57953","title":{"rendered":"Simav be\u015fik gibi sallan\u0131yor"},"content":{"rendered":"<p>K\u00fctahya\u2019n\u0131n Simav il\u00e7esinde meydana gelen 5.4 b\u00fcy\u00fckl\u00fc\u011f\u00fcndeki depremin ard\u0131ndan b\u00f6lgede son 10 saatte 1 ve 4 aras\u0131 b\u00fcy\u00fckl\u00fc\u011f\u00fcnde 127 sars\u0131nt\u0131 kaydedildi.<br \/>\n<br \/>Afet ve Acil Durum Y\u00f6netimi Ba\u015fkanl\u0131\u011f\u0131 (AFAD) verilerine g\u00f6re, saat 12.59\u2019da merkez \u00fcss\u00fc Simav il\u00e7esi Ye\u015fildere k\u00f6y\u00fc olan 5.4 b\u00fcy\u00fckl\u00fc\u011f\u00fcndeki depremin ard\u0131ndan son 10 saat i\u00e7inde b\u00f6lgede 1 ve 4 aras\u0131 b\u00fcy\u00fckl\u00fckte 127 sars\u0131nt\u0131 kaydedildi.<br \/><\/p>\n","protected":false},"excerpt":{"rendered":"<p>K\u00fctahya\u2019n\u0131n Simav il\u00e7esinde meydana gelen 5.4 b\u00fcy\u00fckl\u00fc\u011f\u00fcndeki depremin ard\u0131ndan b\u00f6lgede son 10 saatte 1 ve 4 aras\u0131 b\u00fcy\u00fckl\u00fc\u011f\u00fcnde 127 sars\u0131nt\u0131 kaydedildi. Afet ve Acil Durum Y\u00f6netimi Ba\u015fkanl\u0131\u011f\u0131 (AFAD) verilerine g\u00f6re, saat 12.59\u2019da merkez \u00fcss\u00fc Simav il\u00e7esi Ye\u015fildere k\u00f6y\u00fc olan 5.4 b\u00fcy\u00fckl\u00fc\u011f\u00fcndeki depremin ard\u0131ndan son 10 saat i\u00e7inde b\u00f6lgede 1 ve 4 aras\u0131 b\u00fcy\u00fckl\u00fckte 127 sars\u0131nt\u0131&#8230;<\/p>\n","protected":false},"author":1,"featured_media":57954,"comment_status":"open","ping_status":"open","sticky":false,"template":"","format":"standard","meta":{"_crdt_document":"","footnotes":""},"categories":[1],"tags":[],"class_list":["post-57953","post","type-post","status-publish","format-standard","has-post-thumbnail","hentry","category-guncel"],"_links":{"self":[{"href":"https:\/\/www.egemtv.com\/index.php?rest_route=\/wp\/v2\/posts\/57953","targetHints":{"allow":["GET"]}}],"collection":[{"href":"https:\/\/www.egemtv.com\/index.php?rest_route=\/wp\/v2\/posts"}],"about":[{"href":"https:\/\/www.egemtv.com\/index.php?rest_route=\/wp\/v2\/types\/post"}],"author":[{"embeddable":true,"href":"https:\/\/www.egemtv.com\/index.php?rest_route=\/wp\/v2\/users\/1"}],"replies":[{"embeddable":true,"href":"https:\/\/www.egemtv.com\/index.php?rest_route=%2Fwp%2Fv2%2Fcomments&post=57953"}],"version-history":[{"count":1,"href":"https:\/\/www.egemtv.com\/index.php?rest_route=\/wp\/v2\/posts\/57953\/revisions"}],"predecessor-version":[{"id":57955,"href":"https:\/\/www.egemtv.com\/index.php?rest_route=\/wp\/v2\/posts\/57953\/revisions\/57955"}],"wp:featuredmedia":[{"embeddable":true,"href":"https:\/\/www.egemtv.com\/index.php?rest_route=\/wp\/v2\/media\/57954"}],"wp:attachment":[{"href":"https:\/\/www.egemtv.com\/index.php?rest_route=%2Fwp%2Fv2%2Fmedia&parent=57953"}],"wp:term":[{"taxonomy":"category","embeddable":true,"href":"https:\/\/www.egemtv.com\/index.php?rest_route=%2Fwp%2Fv2%2Fcategories&post=57953"},{"taxonomy":"post_tag","embeddable":true,"href":"https:\/\/www.egemtv.com\/index.php?rest_route=%2Fwp%2Fv2%2Ftags&post=57953"}],"curies":[{"name":"wp","href":"https:\/\/api.w.org\/{rel}","templated":true}]}}