{"id":57917,"date":"2025-09-28T18:55:07","date_gmt":"2025-09-28T15:55:07","guid":{"rendered":"https:\/\/www.egemtv.com\/?p=57917"},"modified":"2025-09-28T18:55:08","modified_gmt":"2025-09-28T15:55:08","slug":"manisa-fk-bodrum-fk-macinin-ardindan","status":"publish","type":"post","link":"https:\/\/www.egemtv.com\/?p=57917","title":{"rendered":"Manisa FK &#8211; Bodrum FK ma\u00e7\u0131n\u0131n ard\u0131ndan"},"content":{"rendered":"<p>Trendyol 1. Lig\u2019in 8. haftas\u0131nda oynanan Manisa Futbol Kul\u00fcb\u00fc-Bodrum Futbol Kul\u00fcb\u00fc ma\u00e7\u0131n\u0131n ard\u0131ndan iki tak\u0131m\u0131n teknik direkt\u00f6rleri bas\u0131n toplant\u0131s\u0131nda a\u00e7\u0131klamalarda bulundu.<br \/>\n<br \/>Trendyol 1. Lig\u2019in 8. haftas\u0131nda Manisa Futbol Kul\u00fcb\u00fc sahas\u0131nda kar\u015f\u0131la\u015ft\u0131\u011f\u0131 Bodrum Futbol Kul\u00fcb\u00fc\u2019ne 4-0 ma\u011flup oldu. Ma\u00e7\u0131n ard\u0131ndan bas\u0131n toplant\u0131s\u0131nda konu\u015fan Manisa Futbol Kul\u00fcb\u00fc Teknik Direkt\u00f6r\u00fc Taner Ta\u015fk\u0131n, &#8220;Bir haftada 3 ma\u00e7 oynayacakt\u0131k. \u00c7ok kadro derinli\u011fimizin olmad\u0131\u011f\u0131n\u0131 biliyorduk. Oyuncular\u0131m\u0131z\u0131 \u00e7ok ekonomik olarak haz\u0131rlamak zorundayd\u0131k. Hep ayn\u0131 oyuncular\u0131n oynamas\u0131 bizim i\u00e7in handikap gibi g\u00f6r\u00fcyordu. Nitekim hafta i\u00e7i oynad\u0131\u011f\u0131m\u0131z \u00e7ok iyi bir ma\u00e7tan sonra bir haftada 3. ma\u00e7\u0131m\u0131z\u0131 oynayacakt\u0131k. Bug\u00fcn fizik olarak iyi bir g\u00f6r\u00fcnt\u00fc veremedik. Bunu net s\u00f6yleyeyim ama ma\u00e7\u0131n ilk devresinde bana g\u00f6re girdi\u011fimiz pozisyonlar da var. Kafa kafaya bir oyun ortada giderken gol\u00fc Bodrumspor\u2019un gol\u00fc bulmas\u0131 inisiyatifi eline almas\u0131n\u0131 sa\u011flad\u0131. Bence ilk devre dengeli bir oyun var ama ikinci devre benim ve kimsenin kabul etmeyece\u011fi \u015fekilde k\u00f6t\u00fc bir oyunumuz var. Bunu kabul etmek laz\u0131m. \u0130kinci devre, 2. gol\u00fc yedikten sonra \u00e7ok da\u011f\u0131n\u0131k bir g\u00f6r\u00fcnt\u00fc verdik. Ard\u0131ndan 3 ve 4. goller geldi. Bunu yine Allah\u2019\u0131n izniyle toparlayabiliriz. Bu g\u00fcc\u00fcm\u00fcz var. Onu biliyorum ama 3 g\u00fcn evvel deplasmanda 4 at\u0131p nas\u0131l bir duygu ya\u015fad\u0131ysak \u015fu anda Bodrumspor ayn\u0131 sevinci ya\u015f\u0131yor ve Band\u0131rmaspor\u2019da ayn\u0131 \u00fcz\u00fcnt\u00fc ya\u015fam\u0131\u015ft\u0131. Biz de ayn\u0131 \u00fcz\u00fcnt\u00fcyle bug\u00fcn\u00fcm\u00fcz\u00fc kapatt\u0131k. \u00c7\u0131karaca\u011f\u0131m\u0131z \u00e7ok b\u00fcy\u00fck dersler var ama \u015fu bir ger\u00e7ek \u00e7ok \u00e7ok kadro derinli\u011fi olan bir tak\u0131m de\u011filiz. Bakt\u0131\u011f\u0131m\u0131z zaman y\u00fczde 80, y\u00fczde 90 ayn\u0131 oyuncu grubu ile bir haftada 3 ma\u00e7 oynamak zorunda kal\u0131yorum. Bu da fizik olarak bizi geriye att\u0131. Bodrumspor\u2019u da tebrik ederim. Hak etti\u011fi bir galibiyet ald\u0131. Allah yollar\u0131n\u0131 a\u00e7\u0131k etsin&#8221; dedi.<\/p>\n<p>Bodrum FK cephesi<br \/>\n<br \/>\u00c7ok zor bir ma\u00e7 olaca\u011f\u0131n\u0131 bilerek sahaya \u00e7\u0131kt\u0131lar\u0131n\u0131 belirten Bodrum Futbol Kul\u00fcb\u00fc Teknik Sorumlusu Sefer Y\u0131lmaz, &#8220;Rakibimiz \u00e7ok s\u00fcrpriz sonu\u00e7lar alabilen bir tak\u0131m. Ge\u00e7en haftan\u0131n en s\u00fcrprizi skorunu alm\u0131\u015ft\u0131. O y\u00fczden bunu bilerek \u00e7ok iyi haz\u0131rland\u0131k hafta boyunca. \u0130yi de ba\u015flad\u0131k. Gol\u00fc bulduk ama golden sonra biraz bocalad\u0131k. Rakibin de beraberli\u011fi sa\u011flama arzusu, iste\u011fi bizi biraz zorlad\u0131. \u0130ki tarafta devre aras\u0131 sonuna kadar gol pozisyonuna girdi. \u0130kinci devrede yapt\u0131\u011f\u0131m\u0131z de\u011fi\u015fiklik, hem oyuncu de\u011fi\u015fikli\u011fi, hem oyun formattaki de\u011fi\u015fiklikle ikinci yar\u0131 tamamen sahan\u0131n hakimi olduk. Buldu\u011fumuz gollerle de g\u00fczel bir galibiyet ald\u0131k. Buraya kadar gelen taraftarlar\u0131m\u0131za te\u015fekk\u00fcr ediyoruz. Bu ma\u00e7\u0131 da onlara arma\u011fan ediyoruz. Sonu\u00e7ta lig uzun bir periyot. D\u00fcnden itibaren al\u0131nan skorlardan da belli. Herkes \u015fampiyonlu\u011fa oynuyor. Herkes play-off\u2019un i\u00e7inde olmak i\u00e7in u\u011fra\u015f\u0131yor. \u0130n\u015fallah y\u0131l boyunca \u00fcstlerde kalmak istiyoruz. B\u00fct\u00fcn futbolcu arkada\u015flar\u0131m\u0131za da verdikleri m\u00fccadeleden dolay\u0131 te\u015fekk\u00fcr ediyoruz&#8221; diye konu\u015ftu.<br \/><\/p>\n","protected":false},"excerpt":{"rendered":"<p>Trendyol 1. Lig\u2019in 8. haftas\u0131nda oynanan Manisa Futbol Kul\u00fcb\u00fc-Bodrum Futbol Kul\u00fcb\u00fc ma\u00e7\u0131n\u0131n ard\u0131ndan iki tak\u0131m\u0131n teknik direkt\u00f6rleri bas\u0131n toplant\u0131s\u0131nda a\u00e7\u0131klamalarda bulundu. Trendyol 1. Lig\u2019in 8. haftas\u0131nda Manisa Futbol Kul\u00fcb\u00fc sahas\u0131nda kar\u015f\u0131la\u015ft\u0131\u011f\u0131 Bodrum Futbol Kul\u00fcb\u00fc\u2019ne 4-0 ma\u011flup oldu. Ma\u00e7\u0131n ard\u0131ndan bas\u0131n toplant\u0131s\u0131nda konu\u015fan Manisa Futbol Kul\u00fcb\u00fc Teknik Direkt\u00f6r\u00fc Taner Ta\u015fk\u0131n, &#8220;Bir haftada 3 ma\u00e7 oynayacakt\u0131k. \u00c7ok&#8230;<\/p>\n","protected":false},"author":1,"featured_media":57918,"comment_status":"open","ping_status":"open","sticky":false,"template":"","format":"standard","meta":{"_crdt_document":"","footnotes":""},"categories":[4],"tags":[],"class_list":["post-57917","post","type-post","status-publish","format-standard","has-post-thumbnail","hentry","category-spor"],"_links":{"self":[{"href":"https:\/\/www.egemtv.com\/index.php?rest_route=\/wp\/v2\/posts\/57917","targetHints":{"allow":["GET"]}}],"collection":[{"href":"https:\/\/www.egemtv.com\/index.php?rest_route=\/wp\/v2\/posts"}],"about":[{"href":"https:\/\/www.egemtv.com\/index.php?rest_route=\/wp\/v2\/types\/post"}],"author":[{"embeddable":true,"href":"https:\/\/www.egemtv.com\/index.php?rest_route=\/wp\/v2\/users\/1"}],"replies":[{"embeddable":true,"href":"https:\/\/www.egemtv.com\/index.php?rest_route=%2Fwp%2Fv2%2Fcomments&post=57917"}],"version-history":[{"count":1,"href":"https:\/\/www.egemtv.com\/index.php?rest_route=\/wp\/v2\/posts\/57917\/revisions"}],"predecessor-version":[{"id":57919,"href":"https:\/\/www.egemtv.com\/index.php?rest_route=\/wp\/v2\/posts\/57917\/revisions\/57919"}],"wp:featuredmedia":[{"embeddable":true,"href":"https:\/\/www.egemtv.com\/index.php?rest_route=\/wp\/v2\/media\/57918"}],"wp:attachment":[{"href":"https:\/\/www.egemtv.com\/index.php?rest_route=%2Fwp%2Fv2%2Fmedia&parent=57917"}],"wp:term":[{"taxonomy":"category","embeddable":true,"href":"https:\/\/www.egemtv.com\/index.php?rest_route=%2Fwp%2Fv2%2Fcategories&post=57917"},{"taxonomy":"post_tag","embeddable":true,"href":"https:\/\/www.egemtv.com\/index.php?rest_route=%2Fwp%2Fv2%2Ftags&post=57917"}],"curies":[{"name":"wp","href":"https:\/\/api.w.org\/{rel}","templated":true}]}}