{"id":57908,"date":"2025-09-28T17:54:59","date_gmt":"2025-09-28T14:54:59","guid":{"rendered":"https:\/\/www.egemtv.com\/?p=57908"},"modified":"2025-09-28T17:55:00","modified_gmt":"2025-09-28T14:55:00","slug":"ak-parti-aydin-il-baskani-erdem-birlik-ve-beraberligimizi-engelleyemeyeceksiniz","status":"publish","type":"post","link":"https:\/\/www.egemtv.com\/?p=57908","title":{"rendered":"AK Parti Ayd\u0131n \u0130l Ba\u015fkan\u0131 Erdem: &#8220;Birlik ve beraberli\u011fimizi engelleyemeyeceksiniz&#8221;"},"content":{"rendered":"<p>AK Parti Ayd\u0131n \u0130l Dan\u0131\u015fma Meclisi toplant\u0131s\u0131nda konu\u015fan AK Parti Ayd\u0131n \u0130l Ba\u015fkan\u0131 Mehmet Erdem, AK Parti Ayd\u0131n te\u015fkilat\u0131n\u0131n birlik ve beraberlik i\u00e7inde hareket etti\u011fini ve muhalefetin aralar\u0131na nifak sokma \u00e7abalar\u0131n\u0131n sonu\u00e7suz kalaca\u011f\u0131n\u0131 belirterek, &#8220;Ne yaparsan\u0131z yap\u0131n, birlik ve beraberli\u011fimizi engelleyemeyeceksiniz&#8221; dedi.<\/p>\n<p>AK Parti Ayd\u0131n \u0130l Dan\u0131\u015fma Meclisi Toplant\u0131s\u0131 Adnan Menderes \u00dcniversitesi Atat\u00fcrk Kongre Merkezi\u2019nde ger\u00e7ekle\u015ftirildi. Toplant\u0131da CHP\u2019den istifa ederek AK Parti saflar\u0131na kat\u0131lan Ayd\u0131n B\u00fcy\u00fck\u015fehir Belediye Ba\u015fkan\u0131 \u00d6zlem \u00c7er\u00e7io\u011flu\u2019na yo\u011fun ilgi g\u00f6steren partililer \u00c7er\u00e7io\u011flu\u2019nun salona giri\u015finde s\u0131k s\u0131k \u00f6n\u00fcn\u00fc keserek hat\u0131ra foto\u011fraf\u0131 \u00e7ektirdi. Sayg\u0131 duru\u015fu ve \u0130stiklal Mar\u015f\u0131\u2019n\u0131n okunmas\u0131n\u0131n ard\u0131ndan toplant\u0131n\u0131n a\u00e7\u0131l\u0131\u015f konu\u015fmas\u0131n\u0131 yapan AK Parti Ayd\u0131n \u0130l Ba\u015fkan\u0131 Mehmet Erdem, ilk kez AK Parti Ayd\u0131n \u0130l Dan\u0131\u015fma Meclisi Toplant\u0131s\u0131\u2019na kat\u0131lan Ayd\u0131n B\u00fcy\u00fck\u015fehir Belediye Ba\u015fkan\u0131 \u00d6zlem \u00c7er\u00e7io\u011flu\u2019na bir kez daha \u2019ho\u015f geldiniz\u2019 diyerek konu\u015fmas\u0131na ba\u015flad\u0131.<\/p>\n<p>Genel se\u00e7imlere dikkat \u00e7eken Ba\u015fkan Erdem, &#8220;De\u011ferli karde\u015flerim, \u00f6n\u00fcm\u00fczde 2028\u2019de bir genel se\u00e7im var. Belki de 2027\u2019de olur. Zaman her \u015feyi g\u00f6sterecek. Buradaki divanda bulunan ekip AK Parti\u2019nin Ayd\u0131n\u2019daki A tak\u0131m\u0131. Bu tak\u0131m birlik ve beraberlik i\u00e7inde kenetlenerek hareket etti\u011fi zaman, genel se\u00e7imde en az be\u015f milletvekili \u00e7\u0131karacak \u015fekilde hedef koydu\u011fumuzda Allah\u2019\u0131n izniyle ba\u015far\u0131ya ula\u015facakt\u0131r. \u00c7ok \u00e7al\u0131\u015f\u0131p Ayd\u0131n\u2019a g\u00fczel hizmetler yapmam\u0131z laz\u0131m&#8221; dedi.<\/p>\n<p>Konu\u015fmas\u0131n\u0131n sonunda muhalefetin parti i\u00e7inde anla\u015fmazl\u0131k \u00e7\u0131kmas\u0131n\u0131 bekledi\u011fini ifade eden Erdem, &#8220;Rakiplerimiz, muhalefet, bizim aram\u0131zda anla\u015fmazl\u0131k \u00e7\u0131kmas\u0131n\u0131 bekliyorlar. Bunun i\u00e7in de \u00e7e\u015fitli \u015fekillerde, bas\u0131n yoluyla, k\u00f6\u015fe yaz\u0131lar\u0131yla, s\u00f6ylemleri ve benzeri y\u00f6ntemlerle aram\u0131za nifak tohumlar\u0131 ekmeye \u00e7al\u0131\u015f\u0131yorlar. Ba\u015faramayacaks\u0131n\u0131z. Aram\u0131za nifak tohumlar\u0131 ekemeyeceksiniz. Ne yaparsan\u0131z yap\u0131n, bu tak\u0131m\u0131n birlik ve beraberlik i\u00e7inde hareket etmesini engelleyemeyeceksiniz. Ben AK Parti Ayd\u0131n \u0130l Ba\u015fkan\u0131 olarak bunun s\u00f6z\u00fcn\u00fc veriyorum&#8221; ifadelerini kulland\u0131.<\/p>\n<p>Erdem\u2019in ard\u0131ndan AK Parti Ayd\u0131n \u0130l Gen\u00e7lik Kollar\u0131 ve \u0130l Kad\u0131n Kollar\u0131 ba\u015fkanlar\u0131n salona hitap ederken, yap\u0131lan konu\u015fmalar sonras\u0131 toplant\u0131 bas\u0131na kapal\u0131 olarak devam etti.<br \/><\/p>\n","protected":false},"excerpt":{"rendered":"<p>AK Parti Ayd\u0131n \u0130l Dan\u0131\u015fma Meclisi toplant\u0131s\u0131nda konu\u015fan AK Parti Ayd\u0131n \u0130l Ba\u015fkan\u0131 Mehmet Erdem, AK Parti Ayd\u0131n te\u015fkilat\u0131n\u0131n birlik ve beraberlik i\u00e7inde hareket etti\u011fini ve muhalefetin aralar\u0131na nifak sokma \u00e7abalar\u0131n\u0131n sonu\u00e7suz kalaca\u011f\u0131n\u0131 belirterek, &#8220;Ne yaparsan\u0131z yap\u0131n, birlik ve beraberli\u011fimizi engelleyemeyeceksiniz&#8221; dedi. AK Parti Ayd\u0131n \u0130l Dan\u0131\u015fma Meclisi Toplant\u0131s\u0131 Adnan Menderes \u00dcniversitesi Atat\u00fcrk Kongre Merkezi\u2019nde&#8230;<\/p>\n","protected":false},"author":1,"featured_media":57909,"comment_status":"open","ping_status":"open","sticky":false,"template":"","format":"standard","meta":{"_crdt_document":"","footnotes":""},"categories":[127],"tags":[],"class_list":["post-57908","post","type-post","status-publish","format-standard","has-post-thumbnail","hentry","category-siyaset"],"_links":{"self":[{"href":"https:\/\/www.egemtv.com\/index.php?rest_route=\/wp\/v2\/posts\/57908","targetHints":{"allow":["GET"]}}],"collection":[{"href":"https:\/\/www.egemtv.com\/index.php?rest_route=\/wp\/v2\/posts"}],"about":[{"href":"https:\/\/www.egemtv.com\/index.php?rest_route=\/wp\/v2\/types\/post"}],"author":[{"embeddable":true,"href":"https:\/\/www.egemtv.com\/index.php?rest_route=\/wp\/v2\/users\/1"}],"replies":[{"embeddable":true,"href":"https:\/\/www.egemtv.com\/index.php?rest_route=%2Fwp%2Fv2%2Fcomments&post=57908"}],"version-history":[{"count":1,"href":"https:\/\/www.egemtv.com\/index.php?rest_route=\/wp\/v2\/posts\/57908\/revisions"}],"predecessor-version":[{"id":57910,"href":"https:\/\/www.egemtv.com\/index.php?rest_route=\/wp\/v2\/posts\/57908\/revisions\/57910"}],"wp:featuredmedia":[{"embeddable":true,"href":"https:\/\/www.egemtv.com\/index.php?rest_route=\/wp\/v2\/media\/57909"}],"wp:attachment":[{"href":"https:\/\/www.egemtv.com\/index.php?rest_route=%2Fwp%2Fv2%2Fmedia&parent=57908"}],"wp:term":[{"taxonomy":"category","embeddable":true,"href":"https:\/\/www.egemtv.com\/index.php?rest_route=%2Fwp%2Fv2%2Fcategories&post=57908"},{"taxonomy":"post_tag","embeddable":true,"href":"https:\/\/www.egemtv.com\/index.php?rest_route=%2Fwp%2Fv2%2Ftags&post=57908"}],"curies":[{"name":"wp","href":"https:\/\/api.w.org\/{rel}","templated":true}]}}