{"id":57893,"date":"2025-09-28T15:56:13","date_gmt":"2025-09-28T12:56:13","guid":{"rendered":"https:\/\/www.egemtv.com\/?p=57893"},"modified":"2025-09-28T15:56:14","modified_gmt":"2025-09-28T12:56:14","slug":"germencikte-binlerce-genc-konserle-costu","status":"publish","type":"post","link":"https:\/\/www.egemtv.com\/?p=57893","title":{"rendered":"Germencik\u2019te binlerce gen\u00e7 konserle co\u015ftu"},"content":{"rendered":"<p>21 . Germencik \u0130ncir Festivali \u00fcnl\u00fc sanat\u00e7\u0131lar\u0131n sahne ald\u0131\u011f\u0131 konserlerle devam ediyor. Ece Se\u00e7kin konseriyle ba\u015flayan festival konser program\u0131 d\u00fcn ak\u015fam \u00c7akal konseriyle zirveye ula\u015ft\u0131. Ayd\u0131n\u2019\u0131n il\u00e7eleri ile \u00e7evre illerden de gelen binlerce gen\u00e7 konser alan\u0131n\u0131 saatler \u00f6ncesinden doldurdu.<\/p>\n<p>Germencik Belediye Ba\u015fkan\u0131 Burak Zencirci \u00c7akal\u2019a Germencik inciri ikram ederek bu ak\u015fam enerjin pik yapacak dedi. Belediye Ba\u015fkan\u0131 Zencirci\u2019ye konser i\u00e7in te\u015fekk\u00fcr eden \u00c7akal da sahnede incir yedi ve gen\u00e7lere incir yemelerini \u00f6nerdi.<br \/>\n<br \/>Konserin ard\u0131ndan de\u011ferlendirmelerde bulunan Germencik Belediye Ba\u015fkan\u0131 Burak Zencirci tek amac\u0131m\u0131 inciri duyurmak, inciri anlatmak dedi. Ba\u015fkan Zencirci &#8220;Festivalimizin ad\u0131 incir, tad\u0131 incir, enerjisi incir. Tek amac\u0131m\u0131z var inciri duyurmak, inciri anlatmak. Hem kutsal kitaplara, hem bilimsel verilere hem de gastronomiye bak\u0131n neredeyse d\u00fcnyan\u0131n en k\u0131ymetli \u00fcr\u00fcn\u00fcne sahibiz. Bug\u00fcn burada bir konser daha verdik ve inciri t\u00fcm T\u00fcrkiye duydu. Amac\u0131m\u0131z bu, hedefimize ula\u015ft\u0131k. Daha da duyuracak \u00fcreticimizin yan\u0131nda olmaya onlar\u0131n sesi olmaya devam edece\u011fiz. Gen\u00e7ler ba\u015fta olmak \u00fczere t\u00fcm halk\u0131m\u0131za te\u015fekk\u00fcr ediyorum. D\u00fcn Ece Se\u00e7kin bug\u00fcn \u00c7akal incir dedi. Yar\u0131n da Simge incirin enerjisiyle sahnede olacak. 28 Eyl\u00fcl Pazar ak\u015fam\u0131 t\u00fcm halk\u0131m\u0131z\u0131 final konserimiz olan Simge Sa\u011f\u0131n konserine davet ediyorum.&#8221;<br \/><\/p>\n","protected":false},"excerpt":{"rendered":"<p>21 . Germencik \u0130ncir Festivali \u00fcnl\u00fc sanat\u00e7\u0131lar\u0131n sahne ald\u0131\u011f\u0131 konserlerle devam ediyor. Ece Se\u00e7kin konseriyle ba\u015flayan festival konser program\u0131 d\u00fcn ak\u015fam \u00c7akal konseriyle zirveye ula\u015ft\u0131. Ayd\u0131n\u2019\u0131n il\u00e7eleri ile \u00e7evre illerden de gelen binlerce gen\u00e7 konser alan\u0131n\u0131 saatler \u00f6ncesinden doldurdu. Germencik Belediye Ba\u015fkan\u0131 Burak Zencirci \u00c7akal\u2019a Germencik inciri ikram ederek bu ak\u015fam enerjin pik yapacak dedi&#8230;.<\/p>\n","protected":false},"author":1,"featured_media":57894,"comment_status":"open","ping_status":"open","sticky":false,"template":"","format":"standard","meta":{"_crdt_document":"","footnotes":""},"categories":[1],"tags":[],"class_list":["post-57893","post","type-post","status-publish","format-standard","has-post-thumbnail","hentry","category-guncel"],"_links":{"self":[{"href":"https:\/\/www.egemtv.com\/index.php?rest_route=\/wp\/v2\/posts\/57893","targetHints":{"allow":["GET"]}}],"collection":[{"href":"https:\/\/www.egemtv.com\/index.php?rest_route=\/wp\/v2\/posts"}],"about":[{"href":"https:\/\/www.egemtv.com\/index.php?rest_route=\/wp\/v2\/types\/post"}],"author":[{"embeddable":true,"href":"https:\/\/www.egemtv.com\/index.php?rest_route=\/wp\/v2\/users\/1"}],"replies":[{"embeddable":true,"href":"https:\/\/www.egemtv.com\/index.php?rest_route=%2Fwp%2Fv2%2Fcomments&post=57893"}],"version-history":[{"count":1,"href":"https:\/\/www.egemtv.com\/index.php?rest_route=\/wp\/v2\/posts\/57893\/revisions"}],"predecessor-version":[{"id":57895,"href":"https:\/\/www.egemtv.com\/index.php?rest_route=\/wp\/v2\/posts\/57893\/revisions\/57895"}],"wp:featuredmedia":[{"embeddable":true,"href":"https:\/\/www.egemtv.com\/index.php?rest_route=\/wp\/v2\/media\/57894"}],"wp:attachment":[{"href":"https:\/\/www.egemtv.com\/index.php?rest_route=%2Fwp%2Fv2%2Fmedia&parent=57893"}],"wp:term":[{"taxonomy":"category","embeddable":true,"href":"https:\/\/www.egemtv.com\/index.php?rest_route=%2Fwp%2Fv2%2Fcategories&post=57893"},{"taxonomy":"post_tag","embeddable":true,"href":"https:\/\/www.egemtv.com\/index.php?rest_route=%2Fwp%2Fv2%2Ftags&post=57893"}],"curies":[{"name":"wp","href":"https:\/\/api.w.org\/{rel}","templated":true}]}}