{"id":57887,"date":"2025-09-28T15:56:10","date_gmt":"2025-09-28T12:56:10","guid":{"rendered":"https:\/\/www.egemtv.com\/?p=57887"},"modified":"2025-09-28T15:56:11","modified_gmt":"2025-09-28T12:56:11","slug":"yemek-yerken-bacagina-yorgun-mermi-isabet-etti","status":"publish","type":"post","link":"https:\/\/www.egemtv.com\/?p=57887","title":{"rendered":"Yemek yerken baca\u011f\u0131na yorgun mermi isabet etti"},"content":{"rendered":"<p>Ayd\u0131n\u2019\u0131n Efeler il\u00e7esinde bir restoranda yemek yedi\u011fi s\u0131rada baca\u011f\u0131na yorgun mermi isabet eden gen\u00e7 kad\u0131n hastaneye kald\u0131r\u0131ld\u0131.<\/p>\n<p>Olay, d\u00fcn ak\u015fam sat 23.00 s\u0131ralar\u0131nda Karde\u015fk\u00f6y Mahallesi\u2019ndeki bir restoranda meydana geldi. Edinilen bilgiye g\u00f6re, \u0130rem Nur Karacasulu, e\u015fi ile birlikte Karde\u015fk\u00f6y Mahallesi\u2019ndeki bir restorana gitti. Gen\u00e7 kad\u0131n burada yemek yedi\u011fi s\u0131rada baca\u011f\u0131na yorgun mermi isabet etti. Ayd\u0131n Devlet Hastanesi\u2019nde tedaviye al\u0131nan gen\u00e7 kad\u0131n\u0131n baca\u011f\u0131ndaki mermi \u00e7\u0131kar\u0131l\u0131rken, sa\u011fl\u0131k durumunun iyi oldu\u011fu \u00f6\u011frenildi.<br \/>\n<br \/>Olayla ilgili soru\u015fturma ba\u015flat\u0131ld\u0131.<br \/><\/p>\n","protected":false},"excerpt":{"rendered":"<p>Ayd\u0131n\u2019\u0131n Efeler il\u00e7esinde bir restoranda yemek yedi\u011fi s\u0131rada baca\u011f\u0131na yorgun mermi isabet eden gen\u00e7 kad\u0131n hastaneye kald\u0131r\u0131ld\u0131. Olay, d\u00fcn ak\u015fam sat 23.00 s\u0131ralar\u0131nda Karde\u015fk\u00f6y Mahallesi\u2019ndeki bir restoranda meydana geldi. Edinilen bilgiye g\u00f6re, \u0130rem Nur Karacasulu, e\u015fi ile birlikte Karde\u015fk\u00f6y Mahallesi\u2019ndeki bir restorana gitti. Gen\u00e7 kad\u0131n burada yemek yedi\u011fi s\u0131rada baca\u011f\u0131na yorgun mermi isabet etti. Ayd\u0131n&#8230;<\/p>\n","protected":false},"author":1,"featured_media":57888,"comment_status":"open","ping_status":"open","sticky":false,"template":"","format":"standard","meta":{"_crdt_document":"","footnotes":""},"categories":[5],"tags":[],"class_list":["post-57887","post","type-post","status-publish","format-standard","has-post-thumbnail","hentry","category-asayis"],"_links":{"self":[{"href":"https:\/\/www.egemtv.com\/index.php?rest_route=\/wp\/v2\/posts\/57887","targetHints":{"allow":["GET"]}}],"collection":[{"href":"https:\/\/www.egemtv.com\/index.php?rest_route=\/wp\/v2\/posts"}],"about":[{"href":"https:\/\/www.egemtv.com\/index.php?rest_route=\/wp\/v2\/types\/post"}],"author":[{"embeddable":true,"href":"https:\/\/www.egemtv.com\/index.php?rest_route=\/wp\/v2\/users\/1"}],"replies":[{"embeddable":true,"href":"https:\/\/www.egemtv.com\/index.php?rest_route=%2Fwp%2Fv2%2Fcomments&post=57887"}],"version-history":[{"count":1,"href":"https:\/\/www.egemtv.com\/index.php?rest_route=\/wp\/v2\/posts\/57887\/revisions"}],"predecessor-version":[{"id":57889,"href":"https:\/\/www.egemtv.com\/index.php?rest_route=\/wp\/v2\/posts\/57887\/revisions\/57889"}],"wp:featuredmedia":[{"embeddable":true,"href":"https:\/\/www.egemtv.com\/index.php?rest_route=\/wp\/v2\/media\/57888"}],"wp:attachment":[{"href":"https:\/\/www.egemtv.com\/index.php?rest_route=%2Fwp%2Fv2%2Fmedia&parent=57887"}],"wp:term":[{"taxonomy":"category","embeddable":true,"href":"https:\/\/www.egemtv.com\/index.php?rest_route=%2Fwp%2Fv2%2Fcategories&post=57887"},{"taxonomy":"post_tag","embeddable":true,"href":"https:\/\/www.egemtv.com\/index.php?rest_route=%2Fwp%2Fv2%2Ftags&post=57887"}],"curies":[{"name":"wp","href":"https:\/\/api.w.org\/{rel}","templated":true}]}}