{"id":57881,"date":"2025-09-28T15:56:07","date_gmt":"2025-09-28T12:56:07","guid":{"rendered":"https:\/\/www.egemtv.com\/?p=57881"},"modified":"2025-09-28T15:56:08","modified_gmt":"2025-09-28T12:56:08","slug":"bucakta-arazi-yangini","status":"publish","type":"post","link":"https:\/\/www.egemtv.com\/?p=57881","title":{"rendered":"Bucak\u2019ta arazi yang\u0131n\u0131"},"content":{"rendered":"<p>Burdur\u2019un Bucak il\u00e7esinde \u00e7\u0131kan arazi yang\u0131n\u0131 ekipler taraf\u0131ndan b\u00fcy\u00fcmeden s\u00f6nd\u00fcr\u00fcld\u00fc.<br \/>\n<br \/>Yang\u0131n, saat 15.00 s\u0131ralar\u0131nda Burdur\u2019un Bucak il\u00e7esine ba\u011fl\u0131 Karaaliler k\u00f6y\u00fcnde meydana geldi. Edinilen bilgiye g\u00f6re, arazide bilinmeyen bir nedenden yang\u0131n \u00e7\u0131kt\u0131. Dumanlar\u0131 g\u00f6ren \u00e7evredeki vatanda\u015flar\u0131n ihbar\u0131 \u00fczerine adrese itfaiye ekipleri sevk edildi. K\u0131sa s\u00fcrede adrese gelen ekipler taraf\u0131ndan yang\u0131n b\u00fcy\u00fcmeden kontrol alt\u0131na al\u0131narak s\u00f6nd\u00fcr\u00fcld\u00fc.<br \/><\/p>\n","protected":false},"excerpt":{"rendered":"<p>Burdur\u2019un Bucak il\u00e7esinde \u00e7\u0131kan arazi yang\u0131n\u0131 ekipler taraf\u0131ndan b\u00fcy\u00fcmeden s\u00f6nd\u00fcr\u00fcld\u00fc. Yang\u0131n, saat 15.00 s\u0131ralar\u0131nda Burdur\u2019un Bucak il\u00e7esine ba\u011fl\u0131 Karaaliler k\u00f6y\u00fcnde meydana geldi. Edinilen bilgiye g\u00f6re, arazide bilinmeyen bir nedenden yang\u0131n \u00e7\u0131kt\u0131. Dumanlar\u0131 g\u00f6ren \u00e7evredeki vatanda\u015flar\u0131n ihbar\u0131 \u00fczerine adrese itfaiye ekipleri sevk edildi. K\u0131sa s\u00fcrede adrese gelen ekipler taraf\u0131ndan yang\u0131n b\u00fcy\u00fcmeden kontrol alt\u0131na al\u0131narak s\u00f6nd\u00fcr\u00fcld\u00fc.<\/p>\n","protected":false},"author":1,"featured_media":57882,"comment_status":"open","ping_status":"open","sticky":false,"template":"","format":"standard","meta":{"_crdt_document":"","footnotes":""},"categories":[5],"tags":[],"class_list":["post-57881","post","type-post","status-publish","format-standard","has-post-thumbnail","hentry","category-asayis"],"_links":{"self":[{"href":"https:\/\/www.egemtv.com\/index.php?rest_route=\/wp\/v2\/posts\/57881","targetHints":{"allow":["GET"]}}],"collection":[{"href":"https:\/\/www.egemtv.com\/index.php?rest_route=\/wp\/v2\/posts"}],"about":[{"href":"https:\/\/www.egemtv.com\/index.php?rest_route=\/wp\/v2\/types\/post"}],"author":[{"embeddable":true,"href":"https:\/\/www.egemtv.com\/index.php?rest_route=\/wp\/v2\/users\/1"}],"replies":[{"embeddable":true,"href":"https:\/\/www.egemtv.com\/index.php?rest_route=%2Fwp%2Fv2%2Fcomments&post=57881"}],"version-history":[{"count":1,"href":"https:\/\/www.egemtv.com\/index.php?rest_route=\/wp\/v2\/posts\/57881\/revisions"}],"predecessor-version":[{"id":57883,"href":"https:\/\/www.egemtv.com\/index.php?rest_route=\/wp\/v2\/posts\/57881\/revisions\/57883"}],"wp:featuredmedia":[{"embeddable":true,"href":"https:\/\/www.egemtv.com\/index.php?rest_route=\/wp\/v2\/media\/57882"}],"wp:attachment":[{"href":"https:\/\/www.egemtv.com\/index.php?rest_route=%2Fwp%2Fv2%2Fmedia&parent=57881"}],"wp:term":[{"taxonomy":"category","embeddable":true,"href":"https:\/\/www.egemtv.com\/index.php?rest_route=%2Fwp%2Fv2%2Fcategories&post=57881"},{"taxonomy":"post_tag","embeddable":true,"href":"https:\/\/www.egemtv.com\/index.php?rest_route=%2Fwp%2Fv2%2Ftags&post=57881"}],"curies":[{"name":"wp","href":"https:\/\/api.w.org\/{rel}","templated":true}]}}