{"id":57878,"date":"2025-09-28T15:35:49","date_gmt":"2025-09-28T12:35:49","guid":{"rendered":"https:\/\/www.egemtv.com\/?p=57878"},"modified":"2025-09-28T15:35:49","modified_gmt":"2025-09-28T12:35:49","slug":"ak-partili-saygili-kemalpasada-yeni-uyelere-rozet-takti-chpden-de-katilim-var","status":"publish","type":"post","link":"https:\/\/www.egemtv.com\/?p=57878","title":{"rendered":"AK Partili Sayg\u0131l\u0131, Kemalpa\u015fa\u2019da yeni \u00fcyelere rozet takt\u0131; CHP\u2019den de kat\u0131l\u0131m var"},"content":{"rendered":"<p>AK Parti Kemalpa\u015fa \u0130l\u00e7e Ba\u015fkanl\u0131\u011f\u0131\u2019nda d\u00fczenlenen rozet takma program\u0131nda, yeni \u00fcyeler AK Parti ailesine kat\u0131ld\u0131. \u0130l Ba\u015fkan\u0131 Bilal Sayg\u0131l\u0131, CHP\u2019den partilerine kat\u0131l\u0131mlar\u0131n da oldu\u011funu belirterek, &#8220;AK Parti\u2019nin oldu\u011fu yerde umut, hizmet ve eser vard\u0131r&#8221; dedi.<br \/>\n<br \/>AK Parti Kemalpa\u015fa \u0130l\u00e7e Ba\u015fkanl\u0131\u011f\u0131\u2019n\u0131n d\u00fczenledi\u011fi yeni \u00fcye rozet takma program\u0131, yo\u011fun kat\u0131l\u0131m ile ger\u00e7ekle\u015ftirildi. Programa, AK Parti \u0130zmir \u0130l Ba\u015fkan\u0131 Bilal Sayg\u0131l\u0131, \u0130zmir Milletvekili Ya\u015far K\u0131rkp\u0131nar, \u0130l Ba\u015fkan Yard\u0131mc\u0131lar\u0131, AK Parti Kemalpa\u015fa \u0130l\u00e7e Ba\u015fkan\u0131 Metin Ya\u015far, il\u00e7e y\u00f6netim kurulu \u00fcyeleri, mahalle ba\u015fkanlar\u0131 ve yeni \u00fcyeler kat\u0131ld\u0131. Yakla\u015f\u0131k bin ki\u015finin kat\u0131ld\u0131\u011f\u0131 salonda, \u0130l Ba\u015fkan\u0131 Sayg\u0131l\u0131 ve Milletvekili K\u0131rkp\u0131nar, yeni \u00fcyelere rozetlerini takt\u0131.<br \/>\n<br \/>Programda konu\u015fan AK Parti \u0130zmir \u0130l Ba\u015fkan\u0131 Bilal Sayg\u0131l\u0131, &#8220;Biz b\u00fcy\u00fck bir aileyiz. Her g\u00fcn yeni kat\u0131l\u0131mlarla g\u00fc\u00e7lenerek yolumuza devam ediyoruz. Kemalpa\u015fa\u2019da \u00f6zel bir model uygulad\u0131k. Yeni \u00fcye \u00e7al\u0131\u015fmalar\u0131n\u0131 farkl\u0131 bir anlay\u0131\u015fla sahaya ta\u015f\u0131d\u0131k ve ciddi bir kar\u015f\u0131l\u0131k ald\u0131k. Sadece g\u00f6n\u00fcl kap\u0131lar\u0131 a\u00e7\u0131lmakla kalmad\u0131, CHP\u2019den de partimize kat\u0131l\u0131mlar oldu. Bu da AK Parti\u2019nin milletin tek adresi oldu\u011funu bir kez daha g\u00f6steriyor&#8221; dedi.<br \/>\n<br \/>Sayg\u0131l\u0131, s\u00f6zlerini \u015f\u00f6yle s\u00fcrd\u00fcrd\u00fc:<br \/>\n<br \/>&#8220;Bug\u00fcn aram\u0131za kat\u0131lan her bir karde\u015fimizle g\u00fcc\u00fcm\u00fcze g\u00fc\u00e7 katt\u0131k. Sizlerle birlikte davam\u0131z daha da bereketlenecek, yolumuz daha da g\u00fc\u00e7lenecek. Kemalpa\u015fa\u2019da oldu\u011fu gibi \u0130zmir\u2019in d\u00f6rt bir yan\u0131nda y\u00fcr\u00fctt\u00fc\u011f\u00fcm\u00fcz \u00e7al\u0131\u015fmalarla hem\u015fehrilerimizin g\u00f6nl\u00fcne dokunuyor, taleplerini T\u00fcrkiye Y\u00fczy\u0131l\u0131 vizyonu ile bulu\u015fturuyoruz. AK Parti\u2019nin oldu\u011fu yerde umut vard\u0131r, hizmet vard\u0131r, eser vard\u0131r. \u0130zmir\u2019de de T\u00fcrkiye\u2019de de yar\u0131n\u0131n g\u00fc\u00e7l\u00fc T\u00fcrkiye\u2019si i\u00e7in yolumuz a\u00e7\u0131k, davam\u0131z kutludur. Rabbim birli\u011fimizi daim etsin, yolumuzu a\u00e7\u0131k eylesin.&#8221;<br \/><\/p>\n","protected":false},"excerpt":{"rendered":"<p>AK Parti Kemalpa\u015fa \u0130l\u00e7e Ba\u015fkanl\u0131\u011f\u0131\u2019nda d\u00fczenlenen rozet takma program\u0131nda, yeni \u00fcyeler AK Parti ailesine kat\u0131ld\u0131. \u0130l Ba\u015fkan\u0131 Bilal Sayg\u0131l\u0131, CHP\u2019den partilerine kat\u0131l\u0131mlar\u0131n da oldu\u011funu belirterek, &#8220;AK Parti\u2019nin oldu\u011fu yerde umut, hizmet ve eser vard\u0131r&#8221; dedi. AK Parti Kemalpa\u015fa \u0130l\u00e7e Ba\u015fkanl\u0131\u011f\u0131\u2019n\u0131n d\u00fczenledi\u011fi yeni \u00fcye rozet takma program\u0131, yo\u011fun kat\u0131l\u0131m ile ger\u00e7ekle\u015ftirildi. Programa, AK Parti \u0130zmir \u0130l&#8230;<\/p>\n","protected":false},"author":1,"featured_media":57879,"comment_status":"open","ping_status":"open","sticky":false,"template":"","format":"standard","meta":{"_crdt_document":"","footnotes":""},"categories":[127],"tags":[],"class_list":["post-57878","post","type-post","status-publish","format-standard","has-post-thumbnail","hentry","category-siyaset"],"_links":{"self":[{"href":"https:\/\/www.egemtv.com\/index.php?rest_route=\/wp\/v2\/posts\/57878","targetHints":{"allow":["GET"]}}],"collection":[{"href":"https:\/\/www.egemtv.com\/index.php?rest_route=\/wp\/v2\/posts"}],"about":[{"href":"https:\/\/www.egemtv.com\/index.php?rest_route=\/wp\/v2\/types\/post"}],"author":[{"embeddable":true,"href":"https:\/\/www.egemtv.com\/index.php?rest_route=\/wp\/v2\/users\/1"}],"replies":[{"embeddable":true,"href":"https:\/\/www.egemtv.com\/index.php?rest_route=%2Fwp%2Fv2%2Fcomments&post=57878"}],"version-history":[{"count":1,"href":"https:\/\/www.egemtv.com\/index.php?rest_route=\/wp\/v2\/posts\/57878\/revisions"}],"predecessor-version":[{"id":57880,"href":"https:\/\/www.egemtv.com\/index.php?rest_route=\/wp\/v2\/posts\/57878\/revisions\/57880"}],"wp:featuredmedia":[{"embeddable":true,"href":"https:\/\/www.egemtv.com\/index.php?rest_route=\/wp\/v2\/media\/57879"}],"wp:attachment":[{"href":"https:\/\/www.egemtv.com\/index.php?rest_route=%2Fwp%2Fv2%2Fmedia&parent=57878"}],"wp:term":[{"taxonomy":"category","embeddable":true,"href":"https:\/\/www.egemtv.com\/index.php?rest_route=%2Fwp%2Fv2%2Fcategories&post=57878"},{"taxonomy":"post_tag","embeddable":true,"href":"https:\/\/www.egemtv.com\/index.php?rest_route=%2Fwp%2Fv2%2Ftags&post=57878"}],"curies":[{"name":"wp","href":"https:\/\/api.w.org\/{rel}","templated":true}]}}