{"id":57875,"date":"2025-09-28T14:34:36","date_gmt":"2025-09-28T11:34:36","guid":{"rendered":"https:\/\/www.egemtv.com\/?p=57875"},"modified":"2025-09-28T14:34:37","modified_gmt":"2025-09-28T11:34:37","slug":"aydina-kuvvetli-yagis-uyarisi-2","status":"publish","type":"post","link":"https:\/\/www.egemtv.com\/?p=57875","title":{"rendered":"Ayd\u0131n\u2019a kuvvetli ya\u011f\u0131\u015f uyar\u0131s\u0131"},"content":{"rendered":"<p>Yar\u0131n Ayd\u0131n\u2019da beklenen g\u00f6k g\u00fcr\u00fclt\u00fcl\u00fc sa\u011fanak ya\u011f\u0131\u015flara kar\u015f\u0131 vatanda\u015flar uyar\u0131ld\u0131.<\/p>\n<p>Meteoroloji\u2019den yap\u0131lan a\u00e7\u0131klamada, &#8220;29.09.2025 Pazartesi g\u00fcn\u00fc Ayd\u0131n il genelinde beklenen sa\u011fanak ve g\u00f6k g\u00fcr\u00fclt\u00fcl\u00fc sa\u011fanak ya\u011f\u0131\u015flar\u0131n yerel olarak kuvvetli (21-50 kg\/m2) olaca\u011f\u0131 tahmin ediliyor. Ani sel, su bask\u0131n\u0131, y\u0131ld\u0131r\u0131m, ya\u011f\u0131\u015f an\u0131nda kuvvetli r\u00fczgar ve ula\u015f\u0131mda aksamalar ve benzeri olumsuzluklara kar\u015f\u0131 vatanda\u015flar\u0131m\u0131z\u0131n dikkatli ve tedbirli davranmas\u0131 gerekmektedir&#8221; denildi.<\/p>\n<p>Sabah saatlerinden itibaren yerel olarak etkili olmas\u0131 beklenen ya\u011f\u0131\u015flar\u0131n ak\u015fam saatlerine kadar s\u00fcrmesi bekleniyor.<br \/><\/p>\n","protected":false},"excerpt":{"rendered":"<p>Yar\u0131n Ayd\u0131n\u2019da beklenen g\u00f6k g\u00fcr\u00fclt\u00fcl\u00fc sa\u011fanak ya\u011f\u0131\u015flara kar\u015f\u0131 vatanda\u015flar uyar\u0131ld\u0131. Meteoroloji\u2019den yap\u0131lan a\u00e7\u0131klamada, &#8220;29.09.2025 Pazartesi g\u00fcn\u00fc Ayd\u0131n il genelinde beklenen sa\u011fanak ve g\u00f6k g\u00fcr\u00fclt\u00fcl\u00fc sa\u011fanak ya\u011f\u0131\u015flar\u0131n yerel olarak kuvvetli (21-50 kg\/m2) olaca\u011f\u0131 tahmin ediliyor. Ani sel, su bask\u0131n\u0131, y\u0131ld\u0131r\u0131m, ya\u011f\u0131\u015f an\u0131nda kuvvetli r\u00fczgar ve ula\u015f\u0131mda aksamalar ve benzeri olumsuzluklara kar\u015f\u0131 vatanda\u015flar\u0131m\u0131z\u0131n dikkatli ve tedbirli davranmas\u0131&#8230;<\/p>\n","protected":false},"author":1,"featured_media":57876,"comment_status":"open","ping_status":"open","sticky":false,"template":"","format":"standard","meta":{"_crdt_document":"","footnotes":""},"categories":[1],"tags":[],"class_list":["post-57875","post","type-post","status-publish","format-standard","has-post-thumbnail","hentry","category-guncel"],"_links":{"self":[{"href":"https:\/\/www.egemtv.com\/index.php?rest_route=\/wp\/v2\/posts\/57875","targetHints":{"allow":["GET"]}}],"collection":[{"href":"https:\/\/www.egemtv.com\/index.php?rest_route=\/wp\/v2\/posts"}],"about":[{"href":"https:\/\/www.egemtv.com\/index.php?rest_route=\/wp\/v2\/types\/post"}],"author":[{"embeddable":true,"href":"https:\/\/www.egemtv.com\/index.php?rest_route=\/wp\/v2\/users\/1"}],"replies":[{"embeddable":true,"href":"https:\/\/www.egemtv.com\/index.php?rest_route=%2Fwp%2Fv2%2Fcomments&post=57875"}],"version-history":[{"count":1,"href":"https:\/\/www.egemtv.com\/index.php?rest_route=\/wp\/v2\/posts\/57875\/revisions"}],"predecessor-version":[{"id":57877,"href":"https:\/\/www.egemtv.com\/index.php?rest_route=\/wp\/v2\/posts\/57875\/revisions\/57877"}],"wp:featuredmedia":[{"embeddable":true,"href":"https:\/\/www.egemtv.com\/index.php?rest_route=\/wp\/v2\/media\/57876"}],"wp:attachment":[{"href":"https:\/\/www.egemtv.com\/index.php?rest_route=%2Fwp%2Fv2%2Fmedia&parent=57875"}],"wp:term":[{"taxonomy":"category","embeddable":true,"href":"https:\/\/www.egemtv.com\/index.php?rest_route=%2Fwp%2Fv2%2Fcategories&post=57875"},{"taxonomy":"post_tag","embeddable":true,"href":"https:\/\/www.egemtv.com\/index.php?rest_route=%2Fwp%2Fv2%2Ftags&post=57875"}],"curies":[{"name":"wp","href":"https:\/\/api.w.org\/{rel}","templated":true}]}}