{"id":57872,"date":"2025-09-28T14:14:52","date_gmt":"2025-09-28T11:14:52","guid":{"rendered":"https:\/\/www.egemtv.com\/?p=57872"},"modified":"2025-09-28T14:14:53","modified_gmt":"2025-09-28T11:14:53","slug":"izmir-aciklarinda-56-duzensiz-gocmen-yakalandi","status":"publish","type":"post","link":"https:\/\/www.egemtv.com\/?p=57872","title":{"rendered":"\u0130zmir a\u00e7\u0131klar\u0131nda 56 d\u00fczensiz g\u00f6\u00e7men yakaland\u0131"},"content":{"rendered":"<p>\u0130zmir\u2019in Urla il\u00e7esi a\u00e7\u0131klar\u0131nda Sahil G\u00fcvenlik ekiplerince ger\u00e7ekle\u015ftirilen operasyonda 43\u2019\u00fc denizde, 13\u2019\u00fc karada olmak \u00fczere toplam 56 d\u00fczensiz g\u00f6\u00e7men yakaland\u0131.<br \/>\n<br \/>26 Eyl\u00fcl saat 04.23\u2019te, Urla il\u00e7esi a\u00e7\u0131klar\u0131nda Sahil G\u00fcvenlik \u0130nsans\u0131z Hava Arac\u0131 taraf\u0131ndan lastik bot i\u00e7erisinde bir grup d\u00fczensiz g\u00f6\u00e7men oldu\u011fu tespit edildi. Bunun \u00fczerine g\u00f6revlendirilen Sahil G\u00fcvenlik Botu (KB-22) taraf\u0131ndan Urla a\u00e7\u0131klar\u0131nda hareket halindeki lastik bot durduruldu. Botta bulunan 43 d\u00fczensiz g\u00f6\u00e7men yakalanarak g\u00fcvenli \u015fekilde karaya \u00e7\u0131kar\u0131ld\u0131. Olayla ba\u011flant\u0131l\u0131 olarak Sahil G\u00fcvenlik Ka\u00e7ak\u00e7\u0131l\u0131k ve Organize Su\u00e7larla M\u00fccadele (KOM) Timi taraf\u0131ndan karada yap\u0131lan takip sonucu 13 d\u00fczensiz g\u00f6\u00e7men daha yakaland\u0131.<br \/>\n<br \/>Yakalanan toplam 56 d\u00fczensiz g\u00f6\u00e7men, i\u015flemlerinin ard\u0131ndan \u0130l G\u00f6\u00e7 \u0130daresi M\u00fcd\u00fcrl\u00fc\u011f\u00fcne teslim edildi.<br \/><\/p>\n","protected":false},"excerpt":{"rendered":"<p>\u0130zmir\u2019in Urla il\u00e7esi a\u00e7\u0131klar\u0131nda Sahil G\u00fcvenlik ekiplerince ger\u00e7ekle\u015ftirilen operasyonda 43\u2019\u00fc denizde, 13\u2019\u00fc karada olmak \u00fczere toplam 56 d\u00fczensiz g\u00f6\u00e7men yakaland\u0131. 26 Eyl\u00fcl saat 04.23\u2019te, Urla il\u00e7esi a\u00e7\u0131klar\u0131nda Sahil G\u00fcvenlik \u0130nsans\u0131z Hava Arac\u0131 taraf\u0131ndan lastik bot i\u00e7erisinde bir grup d\u00fczensiz g\u00f6\u00e7men oldu\u011fu tespit edildi. Bunun \u00fczerine g\u00f6revlendirilen Sahil G\u00fcvenlik Botu (KB-22) taraf\u0131ndan Urla a\u00e7\u0131klar\u0131nda hareket halindeki&#8230;<\/p>\n","protected":false},"author":1,"featured_media":57873,"comment_status":"open","ping_status":"open","sticky":false,"template":"","format":"standard","meta":{"_crdt_document":"","footnotes":""},"categories":[5],"tags":[],"class_list":["post-57872","post","type-post","status-publish","format-standard","has-post-thumbnail","hentry","category-asayis"],"_links":{"self":[{"href":"https:\/\/www.egemtv.com\/index.php?rest_route=\/wp\/v2\/posts\/57872","targetHints":{"allow":["GET"]}}],"collection":[{"href":"https:\/\/www.egemtv.com\/index.php?rest_route=\/wp\/v2\/posts"}],"about":[{"href":"https:\/\/www.egemtv.com\/index.php?rest_route=\/wp\/v2\/types\/post"}],"author":[{"embeddable":true,"href":"https:\/\/www.egemtv.com\/index.php?rest_route=\/wp\/v2\/users\/1"}],"replies":[{"embeddable":true,"href":"https:\/\/www.egemtv.com\/index.php?rest_route=%2Fwp%2Fv2%2Fcomments&post=57872"}],"version-history":[{"count":1,"href":"https:\/\/www.egemtv.com\/index.php?rest_route=\/wp\/v2\/posts\/57872\/revisions"}],"predecessor-version":[{"id":57874,"href":"https:\/\/www.egemtv.com\/index.php?rest_route=\/wp\/v2\/posts\/57872\/revisions\/57874"}],"wp:featuredmedia":[{"embeddable":true,"href":"https:\/\/www.egemtv.com\/index.php?rest_route=\/wp\/v2\/media\/57873"}],"wp:attachment":[{"href":"https:\/\/www.egemtv.com\/index.php?rest_route=%2Fwp%2Fv2%2Fmedia&parent=57872"}],"wp:term":[{"taxonomy":"category","embeddable":true,"href":"https:\/\/www.egemtv.com\/index.php?rest_route=%2Fwp%2Fv2%2Fcategories&post=57872"},{"taxonomy":"post_tag","embeddable":true,"href":"https:\/\/www.egemtv.com\/index.php?rest_route=%2Fwp%2Fv2%2Ftags&post=57872"}],"curies":[{"name":"wp","href":"https:\/\/api.w.org\/{rel}","templated":true}]}}