{"id":57869,"date":"2025-09-28T13:54:57","date_gmt":"2025-09-28T10:54:57","guid":{"rendered":"https:\/\/www.egemtv.com\/?p=57869"},"modified":"2025-09-28T13:54:58","modified_gmt":"2025-09-28T10:54:58","slug":"manisa-kent-konseyinden-sehrin-gelisimi-icin-guclu-is-birligi-vurgusu","status":"publish","type":"post","link":"https:\/\/www.egemtv.com\/?p=57869","title":{"rendered":"Manisa Kent Konseyi\u2019nden \u015fehrin geli\u015fimi i\u00e7in g\u00fc\u00e7l\u00fc i\u015f birli\u011fi vurgusu"},"content":{"rendered":"<p>Manisa Kent Konseyi Ba\u015fkan\u0131 Hakk\u0131 Bayraktar ve beraberindeki heyet, Manisa protokol\u00fcne nezaket ziyaretlerinde bulundu. Ziyaretlerde, Manisa\u2019n\u0131n gelece\u011fi ve geli\u015fimine y\u00f6nelik i\u015fbirli\u011fi konular\u0131 ele al\u0131nd\u0131.<br \/>\n<br \/>Manisa Kent Konseyi Ba\u015fkan\u0131 Hakk\u0131 Bayraktar, y\u00fcr\u00fctme kurulu \u00fcyeleri H\u00fcseyin Pehlivan, Zuhal G\u00fcne\u015f, Erdem Nalbant, Halim \u015eivecan, L\u00fctfi Vural ve Genel Sekreter G\u00f6kmen Ayta\u00e7 ile birlikte Manisa Cumhuriyet Ba\u015fsavc\u0131s\u0131 Kurtca Eker, Adalet Komisyonu Ba\u015fkan\u0131 Osman Soydal, Manisa Celal Bayar \u00dcniversitesi Rekt\u00f6r\u00fc Prof. Dr. Rana Kibar, Emniyet M\u00fcd\u00fcr\u00fc Fahri Akta\u015f, Manisa Barosu Ba\u015fkan\u0131 Sevgi Ba\u015fak Ye\u015fil ve Manisa Ticaret ve Sanayi Odas\u0131 Y\u00f6netim Kurulu Ba\u015fkan\u0131 Mehmet Y\u0131lmaz\u2019\u0131 makamlar\u0131nda ziyaret etti. Ziyaretlerin amac\u0131n\u0131n Manisa\u2019n\u0131n geli\u015fimine ve de\u011fi\u015fimine katk\u0131 sa\u011flamak oldu\u011funu belirten Manisa Kent Konseyi Ba\u015fkan\u0131 Hakk\u0131 Bayraktar, &#8220;Bu s\u00fcre\u00e7te gecikmeli de olsa protokol ziyaretlerimizi ger\u00e7ekle\u015ftirmek istedik. \u0130ki g\u00fcn boyunca protokol \u00fcyelerimizle bir araya gelerek olduk\u00e7a faydal\u0131 g\u00f6r\u00fc\u015fmeler yapt\u0131k&#8221; dedi.<\/p>\n<p>Ortak projeler ve i\u015fbirli\u011fi vurgusu<br \/>\n<br \/>G\u00f6r\u00fc\u015fmelerde ele al\u0131nan konulara de\u011finen Bayraktar, &#8220;Ba\u015fsavc\u0131m\u0131z Kurtca Eker ile toplumsal projelerde kamu kurumlar\u0131 aras\u0131nda g\u00fc\u00e7l\u00fc i\u015fbirli\u011fini, Adalet Komisyonu Ba\u015fkan\u0131m\u0131z Osman Soydal ile adli s\u00fcre\u00e7lerde toplumsal kat\u0131l\u0131m ve hukuki destek konular\u0131n\u0131 konu\u015ftuk. Manisa Celal Bayar \u00dcniversitesi Rekt\u00f6r\u00fcm\u00fcz Prof. Dr. Rana Kibar ile \u00fcniversite-kent i\u015fbirli\u011fini g\u00fc\u00e7lendirmenin yollar\u0131n\u0131 ve akademik deste\u011fin \u00f6nemini ele ald\u0131k&#8221; diye konu\u015ftu.<br \/>\n<br \/>Bayraktar ayr\u0131ca Baro Ba\u015fkan\u0131 Sevgi Ba\u015fak Ye\u015fil ile hukukun \u00fcst\u00fcnl\u00fc\u011f\u00fcne katk\u0131 sa\u011flayacak projeler ve toplumsal fark\u0131ndal\u0131k \u00e7al\u0131\u015fmalar\u0131n\u0131, Emniyet M\u00fcd\u00fcr\u00fc Fahri Akta\u015f ile kent huzuru, g\u00fcvenli\u011fi ve kamu-sivil toplum i\u015fbirli\u011fi konular\u0131n\u0131 masaya yat\u0131rd\u0131klar\u0131n\u0131 s\u00f6yledi. Son olarak Manisa Ticaret ve Sanayi Odas\u0131 Y\u00f6netim Kurulu Ba\u015fkan\u0131 Mehmet Y\u0131lmaz\u2019\u0131 ziyaret ettiklerini belirten Bayraktar, burada da ortak projeler, i\u015f d\u00fcnyas\u0131 ve sivil toplum aras\u0131ndaki i\u015fbirli\u011fini art\u0131rma hedeflerini de\u011ferlendirdiklerini ifade etti.<br \/>\n<br \/>Bayraktar, ziyaret turunun \u00e7ok verimli ge\u00e7ti\u011fini belirterek, &#8220;Manisa Kent Konseyi olarak Manisa\u2019m\u0131z i\u00e7in proje \u00fcretmeye ve \u00e7al\u0131\u015fmaya devam edece\u011fiz&#8221; ifadeleriyle s\u00f6zlerini tamamlad\u0131.<br \/><\/p>\n","protected":false},"excerpt":{"rendered":"<p>Manisa Kent Konseyi Ba\u015fkan\u0131 Hakk\u0131 Bayraktar ve beraberindeki heyet, Manisa protokol\u00fcne nezaket ziyaretlerinde bulundu. Ziyaretlerde, Manisa\u2019n\u0131n gelece\u011fi ve geli\u015fimine y\u00f6nelik i\u015fbirli\u011fi konular\u0131 ele al\u0131nd\u0131. Manisa Kent Konseyi Ba\u015fkan\u0131 Hakk\u0131 Bayraktar, y\u00fcr\u00fctme kurulu \u00fcyeleri H\u00fcseyin Pehlivan, Zuhal G\u00fcne\u015f, Erdem Nalbant, Halim \u015eivecan, L\u00fctfi Vural ve Genel Sekreter G\u00f6kmen Ayta\u00e7 ile birlikte Manisa Cumhuriyet Ba\u015fsavc\u0131s\u0131 Kurtca Eker,&#8230;<\/p>\n","protected":false},"author":1,"featured_media":57870,"comment_status":"open","ping_status":"open","sticky":false,"template":"","format":"standard","meta":{"_crdt_document":"","footnotes":""},"categories":[123],"tags":[],"class_list":["post-57869","post","type-post","status-publish","format-standard","has-post-thumbnail","hentry","category-gundem"],"_links":{"self":[{"href":"https:\/\/www.egemtv.com\/index.php?rest_route=\/wp\/v2\/posts\/57869","targetHints":{"allow":["GET"]}}],"collection":[{"href":"https:\/\/www.egemtv.com\/index.php?rest_route=\/wp\/v2\/posts"}],"about":[{"href":"https:\/\/www.egemtv.com\/index.php?rest_route=\/wp\/v2\/types\/post"}],"author":[{"embeddable":true,"href":"https:\/\/www.egemtv.com\/index.php?rest_route=\/wp\/v2\/users\/1"}],"replies":[{"embeddable":true,"href":"https:\/\/www.egemtv.com\/index.php?rest_route=%2Fwp%2Fv2%2Fcomments&post=57869"}],"version-history":[{"count":1,"href":"https:\/\/www.egemtv.com\/index.php?rest_route=\/wp\/v2\/posts\/57869\/revisions"}],"predecessor-version":[{"id":57871,"href":"https:\/\/www.egemtv.com\/index.php?rest_route=\/wp\/v2\/posts\/57869\/revisions\/57871"}],"wp:featuredmedia":[{"embeddable":true,"href":"https:\/\/www.egemtv.com\/index.php?rest_route=\/wp\/v2\/media\/57870"}],"wp:attachment":[{"href":"https:\/\/www.egemtv.com\/index.php?rest_route=%2Fwp%2Fv2%2Fmedia&parent=57869"}],"wp:term":[{"taxonomy":"category","embeddable":true,"href":"https:\/\/www.egemtv.com\/index.php?rest_route=%2Fwp%2Fv2%2Fcategories&post=57869"},{"taxonomy":"post_tag","embeddable":true,"href":"https:\/\/www.egemtv.com\/index.php?rest_route=%2Fwp%2Fv2%2Ftags&post=57869"}],"curies":[{"name":"wp","href":"https:\/\/api.w.org\/{rel}","templated":true}]}}