{"id":57866,"date":"2025-09-28T13:36:08","date_gmt":"2025-09-28T10:36:08","guid":{"rendered":"https:\/\/www.egemtv.com\/?p=57866"},"modified":"2025-09-28T13:36:09","modified_gmt":"2025-09-28T10:36:09","slug":"salihli-ulku-ocaklarindan-ahilik-gelenegine-vefa","status":"publish","type":"post","link":"https:\/\/www.egemtv.com\/?p=57866","title":{"rendered":"Salihli \u00dclk\u00fc Ocaklar\u0131\u2019ndan ahilik gelene\u011fine vefa"},"content":{"rendered":"<p>Manisa\u2019n\u0131n Salihli il\u00e7esindeki \u00dclk\u00fc Ocaklar\u0131 Ba\u015fkanl\u0131\u011f\u0131, as\u0131rlard\u0131r Anadolu\u2019da esnaf dayan\u0131\u015fmas\u0131n\u0131n temeli olan ahilik k\u00fclt\u00fcr\u00fcn\u00fc ya\u015fatmak i\u00e7in anlaml\u0131 bir etkinli\u011fe imza att\u0131. Salihli\u2019de sabah\u0131n erken saatlerinde bir araya gelen ocak gen\u00e7leri, Ahilik ruhuna uygun olarak esnafa &#8220;siftah paras\u0131&#8221; da\u011f\u0131tt\u0131.<br \/>\n<br \/>Salihli \u00dclk\u00fc Ocaklar\u0131 Ba\u015fkan\u0131 Alper Alt\u0131nkaya \u00f6nc\u00fcl\u00fc\u011f\u00fcnde ocak mensubu gen\u00e7ler sabah\u0131n ilk \u0131\u015f\u0131klar\u0131nda ba\u015flat\u0131lan \u00e7al\u0131\u015fmayla, d\u00fckkan\u0131n\u0131 a\u00e7an esnaf s\u00fcrprizle kar\u015f\u0131la\u015ft\u0131. Kap\u0131 alt\u0131ndan b\u0131rak\u0131lm\u0131\u015f \u00fczerinde  &#8220;Siftah bizden, bereket Allah\u2019tan&#8221; yaz\u0131l\u0131 notlar\u0131 g\u00f6ren esnaf ilk etapta \u015fa\u015fk\u0131nl\u0131k ya\u015fad\u0131. B\u0131rak\u0131lan zarflar\u0131 a\u00e7an esnaf zarf i\u00e7inde siftah paras\u0131 ve ahilik duas\u0131 buldu.<br \/>\n<br \/>Ocak Ba\u015fkan\u0131 Alt\u0131nkaya, ahilik gelene\u011finin yaln\u0131zca bir ticari sistem de\u011fil, ayn\u0131 zamanda karde\u015flik, d\u00fcr\u00fcstl\u00fck ve payla\u015fma k\u00fclt\u00fcr\u00fc oldu\u011funa dikkat \u00e7ekti. Esnafa g\u00fczel ahlak\u0131, yard\u0131mseverli\u011fi, d\u00fcr\u00fcstl\u00fc\u011f\u00fc ve karde\u015fli\u011fi vurgulayan \u2018Ahilik Haftas\u0131\u2019 \u00e7er\u00e7evesinde fark\u0131ndal\u0131k olu\u015fturmak ad\u0131na \u00f6nceden haz\u0131rlanan zarflar\u0131 takdim ettiklerini belirten Salihli \u00dclk\u00fc Ocaklar\u0131 Ba\u015fkan\u0131 Alper Alt\u0131nkaya, &#8220;\u0130\u00e7erisinde \u2018Ahilik Duas\u0131\u2019 ve \u2018siftah paras\u0131\u2019 bulunan zarflar\u0131, muhtelif b\u00f6lgelerdeki esnaf\u0131m\u0131z\u0131 ziyaret ederek takdim ettik. \u2018Siftah bizden, bereket Allah\u2019tan\u2019 diyerek yapt\u0131\u011f\u0131m\u0131z bu faaliyetle ahili\u011fin gerek Anadolu\u2019nun T\u00fcrk-\u0130slam co\u011frafyas\u0131 haline gelmesinde gerekse yaz\u0131l\u0131 olmayan kurallar ile ticaret hayat\u0131n\u0131 d\u00fczenlemesinde ne kadar \u00f6nemli bir yeri oldu\u011funu bir kez daha g\u00f6stermeye \u00e7al\u0131\u015ft\u0131k&#8221; dedi.<br \/><\/p>\n","protected":false},"excerpt":{"rendered":"<p>Manisa\u2019n\u0131n Salihli il\u00e7esindeki \u00dclk\u00fc Ocaklar\u0131 Ba\u015fkanl\u0131\u011f\u0131, as\u0131rlard\u0131r Anadolu\u2019da esnaf dayan\u0131\u015fmas\u0131n\u0131n temeli olan ahilik k\u00fclt\u00fcr\u00fcn\u00fc ya\u015fatmak i\u00e7in anlaml\u0131 bir etkinli\u011fe imza att\u0131. Salihli\u2019de sabah\u0131n erken saatlerinde bir araya gelen ocak gen\u00e7leri, Ahilik ruhuna uygun olarak esnafa &#8220;siftah paras\u0131&#8221; da\u011f\u0131tt\u0131. Salihli \u00dclk\u00fc Ocaklar\u0131 Ba\u015fkan\u0131 Alper Alt\u0131nkaya \u00f6nc\u00fcl\u00fc\u011f\u00fcnde ocak mensubu gen\u00e7ler sabah\u0131n ilk \u0131\u015f\u0131klar\u0131nda ba\u015flat\u0131lan \u00e7al\u0131\u015fmayla, d\u00fckkan\u0131n\u0131 a\u00e7an&#8230;<\/p>\n","protected":false},"author":1,"featured_media":57867,"comment_status":"open","ping_status":"open","sticky":false,"template":"","format":"standard","meta":{"_crdt_document":"","footnotes":""},"categories":[1],"tags":[],"class_list":["post-57866","post","type-post","status-publish","format-standard","has-post-thumbnail","hentry","category-guncel"],"_links":{"self":[{"href":"https:\/\/www.egemtv.com\/index.php?rest_route=\/wp\/v2\/posts\/57866","targetHints":{"allow":["GET"]}}],"collection":[{"href":"https:\/\/www.egemtv.com\/index.php?rest_route=\/wp\/v2\/posts"}],"about":[{"href":"https:\/\/www.egemtv.com\/index.php?rest_route=\/wp\/v2\/types\/post"}],"author":[{"embeddable":true,"href":"https:\/\/www.egemtv.com\/index.php?rest_route=\/wp\/v2\/users\/1"}],"replies":[{"embeddable":true,"href":"https:\/\/www.egemtv.com\/index.php?rest_route=%2Fwp%2Fv2%2Fcomments&post=57866"}],"version-history":[{"count":1,"href":"https:\/\/www.egemtv.com\/index.php?rest_route=\/wp\/v2\/posts\/57866\/revisions"}],"predecessor-version":[{"id":57868,"href":"https:\/\/www.egemtv.com\/index.php?rest_route=\/wp\/v2\/posts\/57866\/revisions\/57868"}],"wp:featuredmedia":[{"embeddable":true,"href":"https:\/\/www.egemtv.com\/index.php?rest_route=\/wp\/v2\/media\/57867"}],"wp:attachment":[{"href":"https:\/\/www.egemtv.com\/index.php?rest_route=%2Fwp%2Fv2%2Fmedia&parent=57866"}],"wp:term":[{"taxonomy":"category","embeddable":true,"href":"https:\/\/www.egemtv.com\/index.php?rest_route=%2Fwp%2Fv2%2Fcategories&post=57866"},{"taxonomy":"post_tag","embeddable":true,"href":"https:\/\/www.egemtv.com\/index.php?rest_route=%2Fwp%2Fv2%2Ftags&post=57866"}],"curies":[{"name":"wp","href":"https:\/\/api.w.org\/{rel}","templated":true}]}}