{"id":57863,"date":"2025-09-28T13:15:09","date_gmt":"2025-09-28T10:15:09","guid":{"rendered":"https:\/\/www.egemtv.com\/?p=57863"},"modified":"2025-09-28T13:15:10","modified_gmt":"2025-09-28T10:15:10","slug":"kutahyadaki-deprem-aydinda-da-hissedildi","status":"publish","type":"post","link":"https:\/\/www.egemtv.com\/?p=57863","title":{"rendered":"K\u00fctahya\u2019daki deprem Ayd\u0131n\u2019da da hissedildi"},"content":{"rendered":"<p>K\u00fctahya\u2019n\u0131n Simav il\u00e7esinde meydana gelen 5.4 \u015fiddetindeki deprem, Ayd\u0131n\u2019da da hissedildi.<\/p>\n<p>AFAD verilerine g\u00f6re saat 12.59\u2019da merkez \u00fcss\u00fc K\u00fctahya\u2019n\u0131n Simav il\u00e7esi olan 5.4 b\u00fcy\u00fckl\u00fc\u011f\u00fcnde deprem meydana geldi. Deprem, Ayd\u0131n\u2019da da hissedildi. Sars\u0131nt\u0131 s\u0131ras\u0131nda ev ve i\u015f yerlerinde bulunan vatanda\u015flar, pani\u011fe kap\u0131larak a\u00e7\u0131k alanlara \u00e7\u0131kt\u0131. Baz\u0131 vatanda\u015flar sokaklarda bekleyerek art\u00e7\u0131 sars\u0131nt\u0131lara kar\u015f\u0131 tedirginlik ya\u015fad\u0131.<br \/><\/p>\n","protected":false},"excerpt":{"rendered":"<p>K\u00fctahya\u2019n\u0131n Simav il\u00e7esinde meydana gelen 5.4 \u015fiddetindeki deprem, Ayd\u0131n\u2019da da hissedildi. AFAD verilerine g\u00f6re saat 12.59\u2019da merkez \u00fcss\u00fc K\u00fctahya\u2019n\u0131n Simav il\u00e7esi olan 5.4 b\u00fcy\u00fckl\u00fc\u011f\u00fcnde deprem meydana geldi. Deprem, Ayd\u0131n\u2019da da hissedildi. Sars\u0131nt\u0131 s\u0131ras\u0131nda ev ve i\u015f yerlerinde bulunan vatanda\u015flar, pani\u011fe kap\u0131larak a\u00e7\u0131k alanlara \u00e7\u0131kt\u0131. Baz\u0131 vatanda\u015flar sokaklarda bekleyerek art\u00e7\u0131 sars\u0131nt\u0131lara kar\u015f\u0131 tedirginlik ya\u015fad\u0131.<\/p>\n","protected":false},"author":1,"featured_media":57864,"comment_status":"open","ping_status":"open","sticky":false,"template":"","format":"standard","meta":{"_crdt_document":"","footnotes":""},"categories":[1],"tags":[],"class_list":["post-57863","post","type-post","status-publish","format-standard","has-post-thumbnail","hentry","category-guncel"],"_links":{"self":[{"href":"https:\/\/www.egemtv.com\/index.php?rest_route=\/wp\/v2\/posts\/57863","targetHints":{"allow":["GET"]}}],"collection":[{"href":"https:\/\/www.egemtv.com\/index.php?rest_route=\/wp\/v2\/posts"}],"about":[{"href":"https:\/\/www.egemtv.com\/index.php?rest_route=\/wp\/v2\/types\/post"}],"author":[{"embeddable":true,"href":"https:\/\/www.egemtv.com\/index.php?rest_route=\/wp\/v2\/users\/1"}],"replies":[{"embeddable":true,"href":"https:\/\/www.egemtv.com\/index.php?rest_route=%2Fwp%2Fv2%2Fcomments&post=57863"}],"version-history":[{"count":1,"href":"https:\/\/www.egemtv.com\/index.php?rest_route=\/wp\/v2\/posts\/57863\/revisions"}],"predecessor-version":[{"id":57865,"href":"https:\/\/www.egemtv.com\/index.php?rest_route=\/wp\/v2\/posts\/57863\/revisions\/57865"}],"wp:featuredmedia":[{"embeddable":true,"href":"https:\/\/www.egemtv.com\/index.php?rest_route=\/wp\/v2\/media\/57864"}],"wp:attachment":[{"href":"https:\/\/www.egemtv.com\/index.php?rest_route=%2Fwp%2Fv2%2Fmedia&parent=57863"}],"wp:term":[{"taxonomy":"category","embeddable":true,"href":"https:\/\/www.egemtv.com\/index.php?rest_route=%2Fwp%2Fv2%2Fcategories&post=57863"},{"taxonomy":"post_tag","embeddable":true,"href":"https:\/\/www.egemtv.com\/index.php?rest_route=%2Fwp%2Fv2%2Ftags&post=57863"}],"curies":[{"name":"wp","href":"https:\/\/api.w.org\/{rel}","templated":true}]}}