{"id":57860,"date":"2025-09-28T13:15:07","date_gmt":"2025-09-28T10:15:07","guid":{"rendered":"https:\/\/www.egemtv.com\/?p=57860"},"modified":"2025-09-28T13:15:09","modified_gmt":"2025-09-28T10:15:09","slug":"simavda-5-4-buyuklugunde-deprem","status":"publish","type":"post","link":"https:\/\/www.egemtv.com\/?p=57860","title":{"rendered":"Simav\u2019da 5.4 b\u00fcy\u00fckl\u00fc\u011f\u00fcnde deprem"},"content":{"rendered":"<p>K\u00fctahya\u2019n\u0131n Simav il\u00e7esinde 5.4 b\u00fcy\u00fckl\u00fc\u011f\u00fcnde bir deprem meydana geldi.<br \/>\n<br \/>AFAD Deprem Dairesi\u2019nden al\u0131nan bilgiye g\u00f6re, saat 12.59\u2019da Simav merkezli 5.4 b\u00fcy\u00fckl\u00fc\u011f\u00fcnde bir deprem meydana geldi. Sars\u0131nt\u0131n\u0131n derinli\u011fi 8.46 kilometre olarak a\u00e7\u0131kland\u0131.<br \/><\/p>\n","protected":false},"excerpt":{"rendered":"<p>K\u00fctahya\u2019n\u0131n Simav il\u00e7esinde 5.4 b\u00fcy\u00fckl\u00fc\u011f\u00fcnde bir deprem meydana geldi. AFAD Deprem Dairesi\u2019nden al\u0131nan bilgiye g\u00f6re, saat 12.59\u2019da Simav merkezli 5.4 b\u00fcy\u00fckl\u00fc\u011f\u00fcnde bir deprem meydana geldi. Sars\u0131nt\u0131n\u0131n derinli\u011fi 8.46 kilometre olarak a\u00e7\u0131kland\u0131.<\/p>\n","protected":false},"author":1,"featured_media":57861,"comment_status":"open","ping_status":"open","sticky":false,"template":"","format":"standard","meta":{"_crdt_document":"","footnotes":""},"categories":[5],"tags":[],"class_list":["post-57860","post","type-post","status-publish","format-standard","has-post-thumbnail","hentry","category-asayis"],"_links":{"self":[{"href":"https:\/\/www.egemtv.com\/index.php?rest_route=\/wp\/v2\/posts\/57860","targetHints":{"allow":["GET"]}}],"collection":[{"href":"https:\/\/www.egemtv.com\/index.php?rest_route=\/wp\/v2\/posts"}],"about":[{"href":"https:\/\/www.egemtv.com\/index.php?rest_route=\/wp\/v2\/types\/post"}],"author":[{"embeddable":true,"href":"https:\/\/www.egemtv.com\/index.php?rest_route=\/wp\/v2\/users\/1"}],"replies":[{"embeddable":true,"href":"https:\/\/www.egemtv.com\/index.php?rest_route=%2Fwp%2Fv2%2Fcomments&post=57860"}],"version-history":[{"count":1,"href":"https:\/\/www.egemtv.com\/index.php?rest_route=\/wp\/v2\/posts\/57860\/revisions"}],"predecessor-version":[{"id":57862,"href":"https:\/\/www.egemtv.com\/index.php?rest_route=\/wp\/v2\/posts\/57860\/revisions\/57862"}],"wp:featuredmedia":[{"embeddable":true,"href":"https:\/\/www.egemtv.com\/index.php?rest_route=\/wp\/v2\/media\/57861"}],"wp:attachment":[{"href":"https:\/\/www.egemtv.com\/index.php?rest_route=%2Fwp%2Fv2%2Fmedia&parent=57860"}],"wp:term":[{"taxonomy":"category","embeddable":true,"href":"https:\/\/www.egemtv.com\/index.php?rest_route=%2Fwp%2Fv2%2Fcategories&post=57860"},{"taxonomy":"post_tag","embeddable":true,"href":"https:\/\/www.egemtv.com\/index.php?rest_route=%2Fwp%2Fv2%2Ftags&post=57860"}],"curies":[{"name":"wp","href":"https:\/\/api.w.org\/{rel}","templated":true}]}}