{"id":57857,"date":"2025-09-28T12:55:02","date_gmt":"2025-09-28T09:55:02","guid":{"rendered":"https:\/\/www.egemtv.com\/?p=57857"},"modified":"2025-09-28T12:55:03","modified_gmt":"2025-09-28T09:55:03","slug":"masterlerin-karsilasmasinda-dostluk-kazandi","status":"publish","type":"post","link":"https:\/\/www.egemtv.com\/?p=57857","title":{"rendered":"Masterlerin kar\u015f\u0131la\u015fmas\u0131nda dostluk kazand\u0131"},"content":{"rendered":"<p>Afyonkarahisar Masterler Derne\u011fi, kamp s\u00fcreci \u00e7er\u00e7evesinde Mu\u011fla\u2019n\u0131n Bodrum il\u00e7esinde Halikarnas Masterler tak\u0131m\u0131yla oynad\u0131\u011f\u0131 haz\u0131rl\u0131k ma\u00e7\u0131nda sahadan 4-4\u2019l\u00fck e\u015fitlikle ayr\u0131ld\u0131.<br \/>\n<br \/>Yal\u0131kavak Spor Tesisleri\u2019nde oynanan m\u00fccadeleye Afyonkarahisar Masterler Derne\u011fi Ba\u015fkan\u0131 Adnan Kasabal\u0131 ve y\u00f6netim kurulu \u00fcyeleri \u00f6nc\u00fcl\u00fc\u011f\u00fcnde kat\u0131lan mor-beyazl\u0131 ekip, \u00fcst\u00fcn oyunuyla dikkat \u00e7ekti. Kar\u015f\u0131l\u0131kl\u0131 gollerle renklenen m\u00fccadelede sporun dostluk ve kayna\u015fma ruhu \u00f6n plana \u00e7\u0131kt\u0131.<br \/>\n<br \/>Ma\u00e7 sonras\u0131 a\u00e7\u0131klama yapan Kasabal\u0131, organizasyonun amac\u0131n\u0131n spor arac\u0131l\u0131\u011f\u0131yla dayan\u0131\u015fmay\u0131 ve dostlu\u011fu peki\u015ftirmek oldu\u011funu vurgulad\u0131.<br \/>\n<br \/>Kar\u015f\u0131la\u015fma sonunda her iki tak\u0131m sporcular\u0131 birlikte hat\u0131ra foto\u011fraf\u0131 \u00e7ektirerek birlik ve beraberlik mesaj\u0131 verdi.<br \/><\/p>\n","protected":false},"excerpt":{"rendered":"<p>Afyonkarahisar Masterler Derne\u011fi, kamp s\u00fcreci \u00e7er\u00e7evesinde Mu\u011fla\u2019n\u0131n Bodrum il\u00e7esinde Halikarnas Masterler tak\u0131m\u0131yla oynad\u0131\u011f\u0131 haz\u0131rl\u0131k ma\u00e7\u0131nda sahadan 4-4\u2019l\u00fck e\u015fitlikle ayr\u0131ld\u0131. Yal\u0131kavak Spor Tesisleri\u2019nde oynanan m\u00fccadeleye Afyonkarahisar Masterler Derne\u011fi Ba\u015fkan\u0131 Adnan Kasabal\u0131 ve y\u00f6netim kurulu \u00fcyeleri \u00f6nc\u00fcl\u00fc\u011f\u00fcnde kat\u0131lan mor-beyazl\u0131 ekip, \u00fcst\u00fcn oyunuyla dikkat \u00e7ekti. Kar\u015f\u0131l\u0131kl\u0131 gollerle renklenen m\u00fccadelede sporun dostluk ve kayna\u015fma ruhu \u00f6n plana \u00e7\u0131kt\u0131. Ma\u00e7&#8230;<\/p>\n","protected":false},"author":1,"featured_media":57858,"comment_status":"open","ping_status":"open","sticky":false,"template":"","format":"standard","meta":{"_crdt_document":"","footnotes":""},"categories":[4],"tags":[],"class_list":["post-57857","post","type-post","status-publish","format-standard","has-post-thumbnail","hentry","category-spor"],"_links":{"self":[{"href":"https:\/\/www.egemtv.com\/index.php?rest_route=\/wp\/v2\/posts\/57857","targetHints":{"allow":["GET"]}}],"collection":[{"href":"https:\/\/www.egemtv.com\/index.php?rest_route=\/wp\/v2\/posts"}],"about":[{"href":"https:\/\/www.egemtv.com\/index.php?rest_route=\/wp\/v2\/types\/post"}],"author":[{"embeddable":true,"href":"https:\/\/www.egemtv.com\/index.php?rest_route=\/wp\/v2\/users\/1"}],"replies":[{"embeddable":true,"href":"https:\/\/www.egemtv.com\/index.php?rest_route=%2Fwp%2Fv2%2Fcomments&post=57857"}],"version-history":[{"count":1,"href":"https:\/\/www.egemtv.com\/index.php?rest_route=\/wp\/v2\/posts\/57857\/revisions"}],"predecessor-version":[{"id":57859,"href":"https:\/\/www.egemtv.com\/index.php?rest_route=\/wp\/v2\/posts\/57857\/revisions\/57859"}],"wp:featuredmedia":[{"embeddable":true,"href":"https:\/\/www.egemtv.com\/index.php?rest_route=\/wp\/v2\/media\/57858"}],"wp:attachment":[{"href":"https:\/\/www.egemtv.com\/index.php?rest_route=%2Fwp%2Fv2%2Fmedia&parent=57857"}],"wp:term":[{"taxonomy":"category","embeddable":true,"href":"https:\/\/www.egemtv.com\/index.php?rest_route=%2Fwp%2Fv2%2Fcategories&post=57857"},{"taxonomy":"post_tag","embeddable":true,"href":"https:\/\/www.egemtv.com\/index.php?rest_route=%2Fwp%2Fv2%2Ftags&post=57857"}],"curies":[{"name":"wp","href":"https:\/\/api.w.org\/{rel}","templated":true}]}}