{"id":57854,"date":"2025-09-28T12:55:00","date_gmt":"2025-09-28T09:55:00","guid":{"rendered":"https:\/\/www.egemtv.com\/?p=57854"},"modified":"2025-09-28T12:55:01","modified_gmt":"2025-09-28T09:55:01","slug":"uzmanlar-uyardi-kuduzda-erken-tani-ve-zamaninda-yapilan-asi-uygulamalari-hayati-rol-oynuyor","status":"publish","type":"post","link":"https:\/\/www.egemtv.com\/?p=57854","title":{"rendered":"Uzmanlar uyard\u0131: &#8220;Kuduzda erken tan\u0131 ve zaman\u0131nda yap\u0131lan a\u015f\u0131 uygulamalar\u0131 hayati rol oynuyor&#8221;"},"content":{"rendered":"<p>Nazilli Devlet Hastanesi\u2019nde 28 Eyl\u00fcl D\u00fcnya Kuduz G\u00fcn\u00fc kapsam\u0131nda vatanda\u015flarda bilin\u00e7 olu\u015fturmak amac\u0131yla bilgilendirme stand\u0131 kurulurken, uzmanlar erken tan\u0131 ve zaman\u0131nda yap\u0131lan a\u015f\u0131 uygulamalar\u0131n\u0131n hayati rol oynad\u0131\u011f\u0131n\u0131 belirtti.<\/p>\n<p>Kuduz hastal\u0131\u011f\u0131na kar\u015f\u0131 toplumsal fark\u0131ndal\u0131\u011f\u0131n art\u0131r\u0131lmas\u0131 ve erken \u00f6nlemlerin \u00f6neminin bir kez daha hat\u0131rlat\u0131lmas\u0131 ama\u00e7land\u0131\u011f\u0131 etkinlik kapsam\u0131nda Nazilli Devlet Hastanesi poliklinik giri\u015fine stant kuruldu. Stantta vatanda\u015flara kuduz hastal\u0131\u011f\u0131n\u0131n bula\u015fma yollar\u0131, korunma y\u00f6ntemleri ve a\u015f\u0131n\u0131n \u00f6nemi anlat\u0131ld\u0131. Hastane yetkilileri, erken tan\u0131 ve zaman\u0131nda yap\u0131lan a\u015f\u0131 uygulamalar\u0131n\u0131n kuduzdan korunmada hayati rol oynad\u0131\u011f\u0131n\u0131 vurgulad\u0131. Stand\u0131 ziyaret eden vatanda\u015flara bro\u015f\u00fcrler da\u011f\u0131t\u0131l\u0131rken, uzman sa\u011fl\u0131k personeli de kat\u0131l\u0131mc\u0131lar\u0131n sorular\u0131n\u0131 yan\u0131tlad\u0131.<br \/><\/p>\n","protected":false},"excerpt":{"rendered":"<p>Nazilli Devlet Hastanesi\u2019nde 28 Eyl\u00fcl D\u00fcnya Kuduz G\u00fcn\u00fc kapsam\u0131nda vatanda\u015flarda bilin\u00e7 olu\u015fturmak amac\u0131yla bilgilendirme stand\u0131 kurulurken, uzmanlar erken tan\u0131 ve zaman\u0131nda yap\u0131lan a\u015f\u0131 uygulamalar\u0131n\u0131n hayati rol oynad\u0131\u011f\u0131n\u0131 belirtti. Kuduz hastal\u0131\u011f\u0131na kar\u015f\u0131 toplumsal fark\u0131ndal\u0131\u011f\u0131n art\u0131r\u0131lmas\u0131 ve erken \u00f6nlemlerin \u00f6neminin bir kez daha hat\u0131rlat\u0131lmas\u0131 ama\u00e7land\u0131\u011f\u0131 etkinlik kapsam\u0131nda Nazilli Devlet Hastanesi poliklinik giri\u015fine stant kuruldu. Stantta vatanda\u015flara kuduz&#8230;<\/p>\n","protected":false},"author":1,"featured_media":57855,"comment_status":"open","ping_status":"open","sticky":false,"template":"","format":"standard","meta":{"_crdt_document":"","footnotes":""},"categories":[2],"tags":[],"class_list":["post-57854","post","type-post","status-publish","format-standard","has-post-thumbnail","hentry","category-saglik"],"_links":{"self":[{"href":"https:\/\/www.egemtv.com\/index.php?rest_route=\/wp\/v2\/posts\/57854","targetHints":{"allow":["GET"]}}],"collection":[{"href":"https:\/\/www.egemtv.com\/index.php?rest_route=\/wp\/v2\/posts"}],"about":[{"href":"https:\/\/www.egemtv.com\/index.php?rest_route=\/wp\/v2\/types\/post"}],"author":[{"embeddable":true,"href":"https:\/\/www.egemtv.com\/index.php?rest_route=\/wp\/v2\/users\/1"}],"replies":[{"embeddable":true,"href":"https:\/\/www.egemtv.com\/index.php?rest_route=%2Fwp%2Fv2%2Fcomments&post=57854"}],"version-history":[{"count":1,"href":"https:\/\/www.egemtv.com\/index.php?rest_route=\/wp\/v2\/posts\/57854\/revisions"}],"predecessor-version":[{"id":57856,"href":"https:\/\/www.egemtv.com\/index.php?rest_route=\/wp\/v2\/posts\/57854\/revisions\/57856"}],"wp:featuredmedia":[{"embeddable":true,"href":"https:\/\/www.egemtv.com\/index.php?rest_route=\/wp\/v2\/media\/57855"}],"wp:attachment":[{"href":"https:\/\/www.egemtv.com\/index.php?rest_route=%2Fwp%2Fv2%2Fmedia&parent=57854"}],"wp:term":[{"taxonomy":"category","embeddable":true,"href":"https:\/\/www.egemtv.com\/index.php?rest_route=%2Fwp%2Fv2%2Fcategories&post=57854"},{"taxonomy":"post_tag","embeddable":true,"href":"https:\/\/www.egemtv.com\/index.php?rest_route=%2Fwp%2Fv2%2Ftags&post=57854"}],"curies":[{"name":"wp","href":"https:\/\/api.w.org\/{rel}","templated":true}]}}