{"id":57851,"date":"2025-09-28T12:34:41","date_gmt":"2025-09-28T09:34:41","guid":{"rendered":"https:\/\/www.egemtv.com\/?p=57851"},"modified":"2025-09-28T12:34:42","modified_gmt":"2025-09-28T09:34:42","slug":"izmirde-kadin-cekici-operatoru-tabulari-yikti","status":"publish","type":"post","link":"https:\/\/www.egemtv.com\/?p=57851","title":{"rendered":"\u0130zmir\u2019de kad\u0131n \u00e7ekici operat\u00f6r\u00fc tabular\u0131 y\u0131kt\u0131"},"content":{"rendered":"<p>\u0130zmir B\u00fcy\u00fck\u015fehir Belediyesi b\u00fcnyesinde \u00e7ekici operat\u00f6rl\u00fc\u011f\u00fc yapan Munise Demirer, 17 metreyi bulan 42 tonluk t\u0131r da dahil b\u00fct\u00fcn \u00e7ekici ara\u00e7lar\u0131 kullanabiliyor. \u0130ki y\u0131l boyunca sanayide \u00e7\u0131rakl\u0131k yapt\u0131ktan sonra \u00e7ok sevdi\u011fi \u015fof\u00f6rl\u00fc\u011f\u00fc tercih eden Demirer, kad\u0131nlar\u0131n her i\u015fin \u00fcst\u00fcnden kalkabilece\u011fini g\u00f6stererek \u00e7ocuklar\u0131na da \u00f6rnek oluyor<br \/>\n<br \/>\u0130zmir B\u00fcy\u00fck\u015fehir Belediyesi Makine \u0130kmal, Bak\u0131m ve Onar\u0131m Dairesi Ba\u015fkanl\u0131\u011f\u0131 \u0130\u015fletme \u015eube M\u00fcd\u00fcrl\u00fc\u011f\u00fc b\u00fcnyesinde g\u00f6rev yapan 53 ya\u015f\u0131ndaki Munise Demirer, \u015fof\u00f6rl\u00fck mesle\u011fine g\u00f6n\u00fcl verdi. Biri 21 di\u011feri 18 ya\u015f\u0131nda iki o\u011flu olan elektronik teknisyeni Munise Demirer, a\u011f\u0131r vas\u0131ta \u00e7ekici ara\u00e7lar\u0131 kullan\u0131yor. Bu mesle\u011fe tutkuyla ba\u011fl\u0131 olan Demirer, ar\u0131zalanan ara\u00e7lar\u0131 tek ba\u015f\u0131na \u00e7ekiciye y\u00fckleyip Gaziemir\u2019de bulunan tamir at\u00f6lyesine getiriyor. M\u00fcd\u00fcrl\u00fck b\u00fcnyesinde en b\u00fcy\u00fc\u011f\u00fc 17 metre ve 42 tonluk t\u0131r da dahil b\u00fct\u00fcn \u00e7ekici ara\u00e7lar\u0131 kullanan Demirer, bu i\u015fi \u00e7ok sevdi\u011fi i\u00e7in \u015fof\u00f6rl\u00fc\u011f\u00fc tercih etti\u011fini belirtiyor.<\/p>\n<p>&#8220;Bir daha d\u00fcnyaya gelsem ayn\u0131 i\u015fi yapar\u0131m&#8221;<br \/>\n<br \/>2010 y\u0131l\u0131ndan bu yana aktif olarak a\u011f\u0131r vas\u0131ta kulland\u0131\u011f\u0131n\u0131 anlatan ve 2019\u2019da \u0130zmir B\u00fcy\u00fck\u015fehir Belediyesi\u2019nde \u00e7al\u0131\u015fmaya ba\u015flayan Munise Demirer, &#8220;En b\u00fcy\u00fck ara\u00e7tan tutun da en k\u00fc\u00e7\u00fck araca kadar hepsini kullan\u0131yor ve \u00e7ok keyif al\u0131yorum. Bir daha d\u00fcnyaya gelsem, san\u0131r\u0131m yine bu i\u015fi yapard\u0131m&#8221; dedi.<\/p>\n<p>Sanayide \u00e7\u0131rakl\u0131k yapt\u0131<br \/>\n<br \/>\u00d6\u011frenmenin s\u0131n\u0131r\u0131 olmad\u0131\u011f\u0131na inand\u0131\u011f\u0131n\u0131 vurgulayan Demirer, &#8220;Ara\u00e7 konusu ucu a\u00e7\u0131k bir mutfak. Ara\u00e7lar\u0131 \u00e7ok sevdi\u011fim ve \u00e7ok \u015fey \u00f6\u011frenmek istedi\u011fim i\u00e7in iki y\u0131l boyunca bo\u015f zamanlar\u0131mda sanayide bir ustan\u0131n yan\u0131nda \u00e7\u0131rakl\u0131k yapt\u0131m. Bu bir tutku. Araba kullanmak \u00e7ok g\u00fczel ama bir arac\u0131 bir yerden ba\u015fka bir yere almak ba\u015fka bir deneyim. Hepsinin bana katt\u0131\u011f\u0131 art\u0131 bir bilgi var. Ben biraz da bilgi edinmeyi seviyorum. Alt\u0131n bilezik gibi. Yapt\u0131\u011f\u0131m her i\u015f beni heyecanland\u0131r\u0131yor. Bana s\u00fcrekli bir \u015feyler katt\u0131\u011f\u0131n\u0131 d\u00fc\u015f\u00fcn\u00fcyorum&#8221; dedi.<\/p>\n<p>&#8220;\u0130\u015fimi \u00e7ok seviyorum&#8221;<br \/>\n<br \/>Yolda kalan herhangi bir arac\u0131 at\u00f6lyeye getirmek \u00fczere herkes gibi yaln\u0131z \u00e7al\u0131\u015ft\u0131\u011f\u0131n\u0131 belirten Munise Demirer, \u015funlar\u0131 s\u00f6yledi: &#8220;Ben de tek ba\u015f\u0131ma g\u00f6reve gidiyorum. Gece veya g\u00fcnd\u00fcz fark etmiyor. Zorluklar\u0131 oluyor ama \u00fcstesinden gelmeyi bir \u015fekilde \u00f6\u011freniyorsunuz. Ba\u015farmak zorundas\u0131n\u0131z. \u00c7ok zorland\u0131\u011f\u0131m yerde yard\u0131m istiyorum. Bir erke\u011fin fiziksel g\u00fcc\u00fcne sahip de\u011filim ama yapt\u0131\u011f\u0131m i\u015fte zorlansam da i\u015fimi seviyorum.&#8221;<\/p>\n<p>&#8220;\u00c7ocuklar\u0131ma iyi \u00f6rnek oldu\u011fumu d\u00fc\u015f\u00fcn\u00fcyorum&#8221;<br \/>\n<br \/>\u0130\u015fini yapt\u0131\u011f\u0131 esnada \u00e7ok g\u00fczel tepkiler ald\u0131\u011f\u0131n\u0131 belirten Demirer, \u015funlar\u0131 anlatt\u0131: &#8220;\u00c7o\u011fu zaman \u2018Abla helal olsun. Bravo. Bu i\u015fi yapan kad\u0131nlar da var m\u0131\u2019 diye g\u00fczel tepkiler al\u0131yorum. Bazen \u2018Elinin hamuru ile bu i\u015flere bula\u015fma\u2019 \u015feklinde klasik tepkiler geliyor. Onlara da \u2018Ellerimi y\u0131kad\u0131m, mutfaktan \u00e7\u0131k\u0131p buraya geldim. Buraya da yeti\u015ftim\u2019 diyorum. \u00c7ocuklar\u0131m benimle gurur duyuyor. Baz\u0131 \u015feyler biraz da \u00e7ocuklar\u0131m\u0131zla ilgili. Bir \u015feyleri ba\u015fard\u0131\u011f\u0131m\u0131z\u0131, imkans\u0131z gibi g\u00f6r\u00fcnen \u015feyleri yapt\u0131\u011f\u0131m\u0131z\u0131 ispatlamak, y\u0131lmadan bir \u015fey yapabilmek Bunlar\u0131 g\u00f6stermek benim i\u00e7in k\u0131ymetli. \u00c7ocuklar\u0131ma g\u00fczel bir anne ve iyi bir \u00f6rnek oldu\u011fumu d\u00fc\u015f\u00fcn\u00fcyorum. Burada \u00e7al\u0131\u015fan ve vefat eden bir \u015fof\u00f6r abimizin dolab\u0131n\u0131 bana verdiler. O g\u00fcnden sonra bana \u2018Murat abi\u2019 diyorlar. Hepsi \u00e7ok iyi insanlar. Bana \u00e7ok yard\u0131mc\u0131 oldular.&#8221;<\/p>\n<p>Meslekta\u015flar\u0131 da \u00e7ok mutlu<br \/>\n<br \/>Munise Demirer\u2019in meslekta\u015flar\u0131ndan \u00d6zg\u00fcr Keskin, &#8220;Kad\u0131nlar\u0131n da bu i\u015fi yapabilece\u011fini ESHOT\u2019tan biliyoruz. Kad\u0131nlar\u0131n varl\u0131\u011f\u0131, bulunduklar\u0131 ortam\u0131n kalitesini de y\u00fckseltiyor. \u0130yi ki varlar ve bu t\u00fcr i\u015flerde daha \u00e7ok olsunlar&#8221; dedi.<br \/>\n<br \/>Kalbim \u00c7al\u0131m da Demirer\u2019i g\u00f6rd\u00fc\u011f\u00fcnde \u00e7ok \u015fa\u015f\u0131rd\u0131\u011f\u0131n\u0131 ifade ederek, &#8220;Sonra al\u0131\u015ft\u0131k. Burada olmas\u0131 \u00e7ok g\u00fczel. O bize \u00e7ok \u015fey kazand\u0131rd\u0131. Biz de ona bir\u00e7ok \u015fey \u00f6\u011frettik&#8221; ifadelerini kulland\u0131. Meslek hayat\u0131nda 10 y\u0131l\u0131 geride b\u0131rakan H\u00fcseyin \u00c7aktu\u011f da &#8220;\u0130lk defa buraya bir kad\u0131n \u015fof\u00f6r geldi. Geldi\u011fi de iyi oldu. Ondan sayg\u0131y\u0131 ve iyili\u011fi \u00f6\u011frendik. Mesleki olarak baz\u0131 bilgileri bizden daha fazla. Onlar\u0131 aktard\u0131. Biz \u00e7ok memnunuz&#8221; dedi.<br \/><\/p>\n","protected":false},"excerpt":{"rendered":"<p>\u0130zmir B\u00fcy\u00fck\u015fehir Belediyesi b\u00fcnyesinde \u00e7ekici operat\u00f6rl\u00fc\u011f\u00fc yapan Munise Demirer, 17 metreyi bulan 42 tonluk t\u0131r da dahil b\u00fct\u00fcn \u00e7ekici ara\u00e7lar\u0131 kullanabiliyor. \u0130ki y\u0131l boyunca sanayide \u00e7\u0131rakl\u0131k yapt\u0131ktan sonra \u00e7ok sevdi\u011fi \u015fof\u00f6rl\u00fc\u011f\u00fc tercih eden Demirer, kad\u0131nlar\u0131n her i\u015fin \u00fcst\u00fcnden kalkabilece\u011fini g\u00f6stererek \u00e7ocuklar\u0131na da \u00f6rnek oluyor \u0130zmir B\u00fcy\u00fck\u015fehir Belediyesi Makine \u0130kmal, Bak\u0131m ve Onar\u0131m Dairesi Ba\u015fkanl\u0131\u011f\u0131 \u0130\u015fletme&#8230;<\/p>\n","protected":false},"author":1,"featured_media":57852,"comment_status":"open","ping_status":"open","sticky":false,"template":"","format":"standard","meta":{"_crdt_document":"","footnotes":""},"categories":[123],"tags":[],"class_list":["post-57851","post","type-post","status-publish","format-standard","has-post-thumbnail","hentry","category-gundem"],"_links":{"self":[{"href":"https:\/\/www.egemtv.com\/index.php?rest_route=\/wp\/v2\/posts\/57851","targetHints":{"allow":["GET"]}}],"collection":[{"href":"https:\/\/www.egemtv.com\/index.php?rest_route=\/wp\/v2\/posts"}],"about":[{"href":"https:\/\/www.egemtv.com\/index.php?rest_route=\/wp\/v2\/types\/post"}],"author":[{"embeddable":true,"href":"https:\/\/www.egemtv.com\/index.php?rest_route=\/wp\/v2\/users\/1"}],"replies":[{"embeddable":true,"href":"https:\/\/www.egemtv.com\/index.php?rest_route=%2Fwp%2Fv2%2Fcomments&post=57851"}],"version-history":[{"count":1,"href":"https:\/\/www.egemtv.com\/index.php?rest_route=\/wp\/v2\/posts\/57851\/revisions"}],"predecessor-version":[{"id":57853,"href":"https:\/\/www.egemtv.com\/index.php?rest_route=\/wp\/v2\/posts\/57851\/revisions\/57853"}],"wp:featuredmedia":[{"embeddable":true,"href":"https:\/\/www.egemtv.com\/index.php?rest_route=\/wp\/v2\/media\/57852"}],"wp:attachment":[{"href":"https:\/\/www.egemtv.com\/index.php?rest_route=%2Fwp%2Fv2%2Fmedia&parent=57851"}],"wp:term":[{"taxonomy":"category","embeddable":true,"href":"https:\/\/www.egemtv.com\/index.php?rest_route=%2Fwp%2Fv2%2Fcategories&post=57851"},{"taxonomy":"post_tag","embeddable":true,"href":"https:\/\/www.egemtv.com\/index.php?rest_route=%2Fwp%2Fv2%2Ftags&post=57851"}],"curies":[{"name":"wp","href":"https:\/\/api.w.org\/{rel}","templated":true}]}}