{"id":57848,"date":"2025-09-28T12:34:39","date_gmt":"2025-09-28T09:34:39","guid":{"rendered":"https:\/\/www.egemtv.com\/?p=57848"},"modified":"2025-09-28T12:34:41","modified_gmt":"2025-09-28T09:34:41","slug":"nazillide-psikolojik-danisman-ve-rehber-ogretmenler-toplantisi-yapildi","status":"publish","type":"post","link":"https:\/\/www.egemtv.com\/?p=57848","title":{"rendered":"Nazilli\u2019de Psikolojik Dan\u0131\u015fman ve Rehber \u00d6\u011fretmenler Toplant\u0131s\u0131 yap\u0131ld\u0131"},"content":{"rendered":"<p>Ayd\u0131n\u2019\u0131n Nazilli il\u00e7esinde 2025-2026 e\u011fitim-\u00f6\u011fretim y\u0131l\u0131 Psikolojik Dan\u0131\u015fman ve Rehber \u00d6\u011fretmenler Toplant\u0131s\u0131 ger\u00e7ekle\u015ftirildi.<\/p>\n<p>Nazilli Kaymakam\u0131 Huriye K\u00fcpeli Kan ve \u0130l\u00e7e Milli E\u011fitim M\u00fcd\u00fcr\u00fc \u0130smail \u015eim\u015fek\u2019in kat\u0131l\u0131m\u0131yla ger\u00e7ekle\u015ftirilen toplant\u0131da Nazilli RAM M\u00fcd\u00fcr\u00fc Ya\u015far I\u015flakcan\u2019\u0131n bilgilendirme sunumu yaparak aile kurumunun \u00f6nemi ve e\u011fitimdeki rol\u00fc vurguland\u0131. Toplant\u0131n\u0131n a\u00e7\u0131l\u0131\u015f konu\u015fmas\u0131n\u0131 yapan Kaymakam Huriye K\u00fcpeli Kan, aile kurumunun toplumun en temel ta\u015f\u0131 oldu\u011funa dikkat \u00e7ekerek, &#8220;Sa\u011flam bir aile yap\u0131s\u0131, \u00e7ocuklar\u0131m\u0131z\u0131n sa\u011fl\u0131kl\u0131 bireyler olarak yeti\u015fmesinin en \u00f6nemli g\u00fcvencesidir&#8221; dedi.<\/p>\n<p>Program, Pamukkale \u00dcniversitesi \u00f6\u011fretim \u00fcyeleri Do\u00e7. Dr. Turgut T\u00fcrkdo\u011fan ve Do\u00e7. Dr. Tamer Aydemir\u2019in katk\u0131lar\u0131yla devam etti. Dr. T\u00fcrkdo\u011fan, &#8220;Aile Dan\u0131\u015fmanl\u0131\u011f\u0131 ve Aile Sistemleri&#8221; ba\u015fl\u0131kl\u0131 sunumunda aile i\u00e7i ileti\u015fim ve dayan\u0131\u015fman\u0131n \u00e7ocuklar\u0131n ruhsal geli\u015fimine etkilerini aktar\u0131rken, Dr. Aydemir ise &#8220;Okullarda \u00d6zel E\u011fitim Uygulamalar\u0131&#8221; konusundaki g\u00fcncel yakla\u015f\u0131mlar\u0131 payla\u015ft\u0131.<\/p>\n<p>Kat\u0131l\u0131mc\u0131lar, toplant\u0131dan b\u00fcy\u00fck fayda sa\u011flad\u0131klar\u0131n\u0131 belirterek aile kavram\u0131n\u0131n hem toplumsal hem de bireysel geli\u015fimdeki yeri ve \u00f6nemine dikkat \u00e7ekti.<br \/><\/p>\n","protected":false},"excerpt":{"rendered":"<p>Ayd\u0131n\u2019\u0131n Nazilli il\u00e7esinde 2025-2026 e\u011fitim-\u00f6\u011fretim y\u0131l\u0131 Psikolojik Dan\u0131\u015fman ve Rehber \u00d6\u011fretmenler Toplant\u0131s\u0131 ger\u00e7ekle\u015ftirildi. Nazilli Kaymakam\u0131 Huriye K\u00fcpeli Kan ve \u0130l\u00e7e Milli E\u011fitim M\u00fcd\u00fcr\u00fc \u0130smail \u015eim\u015fek\u2019in kat\u0131l\u0131m\u0131yla ger\u00e7ekle\u015ftirilen toplant\u0131da Nazilli RAM M\u00fcd\u00fcr\u00fc Ya\u015far I\u015flakcan\u2019\u0131n bilgilendirme sunumu yaparak aile kurumunun \u00f6nemi ve e\u011fitimdeki rol\u00fc vurguland\u0131. Toplant\u0131n\u0131n a\u00e7\u0131l\u0131\u015f konu\u015fmas\u0131n\u0131 yapan Kaymakam Huriye K\u00fcpeli Kan, aile kurumunun toplumun en&#8230;<\/p>\n","protected":false},"author":1,"featured_media":57849,"comment_status":"open","ping_status":"open","sticky":false,"template":"","format":"standard","meta":{"_crdt_document":"","footnotes":""},"categories":[1],"tags":[],"class_list":["post-57848","post","type-post","status-publish","format-standard","has-post-thumbnail","hentry","category-guncel"],"_links":{"self":[{"href":"https:\/\/www.egemtv.com\/index.php?rest_route=\/wp\/v2\/posts\/57848","targetHints":{"allow":["GET"]}}],"collection":[{"href":"https:\/\/www.egemtv.com\/index.php?rest_route=\/wp\/v2\/posts"}],"about":[{"href":"https:\/\/www.egemtv.com\/index.php?rest_route=\/wp\/v2\/types\/post"}],"author":[{"embeddable":true,"href":"https:\/\/www.egemtv.com\/index.php?rest_route=\/wp\/v2\/users\/1"}],"replies":[{"embeddable":true,"href":"https:\/\/www.egemtv.com\/index.php?rest_route=%2Fwp%2Fv2%2Fcomments&post=57848"}],"version-history":[{"count":1,"href":"https:\/\/www.egemtv.com\/index.php?rest_route=\/wp\/v2\/posts\/57848\/revisions"}],"predecessor-version":[{"id":57850,"href":"https:\/\/www.egemtv.com\/index.php?rest_route=\/wp\/v2\/posts\/57848\/revisions\/57850"}],"wp:featuredmedia":[{"embeddable":true,"href":"https:\/\/www.egemtv.com\/index.php?rest_route=\/wp\/v2\/media\/57849"}],"wp:attachment":[{"href":"https:\/\/www.egemtv.com\/index.php?rest_route=%2Fwp%2Fv2%2Fmedia&parent=57848"}],"wp:term":[{"taxonomy":"category","embeddable":true,"href":"https:\/\/www.egemtv.com\/index.php?rest_route=%2Fwp%2Fv2%2Fcategories&post=57848"},{"taxonomy":"post_tag","embeddable":true,"href":"https:\/\/www.egemtv.com\/index.php?rest_route=%2Fwp%2Fv2%2Ftags&post=57848"}],"curies":[{"name":"wp","href":"https:\/\/api.w.org\/{rel}","templated":true}]}}