{"id":57845,"date":"2025-09-28T12:14:53","date_gmt":"2025-09-28T09:14:53","guid":{"rendered":"https:\/\/www.egemtv.com\/?p=57845"},"modified":"2025-09-28T12:14:54","modified_gmt":"2025-09-28T09:14:54","slug":"goalball-sporu-ile-hayatlari-degisen-gorme-engelli-kardesler-ayni-anda-universite-hayaline-ulasti","status":"publish","type":"post","link":"https:\/\/www.egemtv.com\/?p=57845","title":{"rendered":"Goalball sporu ile hayatlar\u0131 de\u011fi\u015fen g\u00f6rme engelli karde\u015fler ayn\u0131 anda \u00fcniversite hayaline ula\u015ft\u0131"},"content":{"rendered":"<p>Pandemi d\u00f6neminde \u0130zmir\u2019den memleketleri Isparta Yalva\u00e7\u2019a ta\u015f\u0131nan do\u011fu\u015ftan g\u00f6rme engelli Fikriye ve Kerem Gezgin karde\u015fler, beden e\u011fitimi \u00f6\u011fretmenlerinin y\u00f6nlendirmesiyle sporda ba\u015far\u0131 elde ederek \u00fcniversiteye ad\u0131m att\u0131. Bu y\u0131l ilk kez farkl\u0131 \u015fehirlerde e\u011fitim g\u00f6recek olan karde\u015fler, engelli \u00e7ocuklar\u0131 olan ailelere ortak bir mesaj vererek, &#8220;Aileler, \u00e7ocuklar\u0131n\u0131n her zaman arkas\u0131nda dursun&#8221; dedi.<br \/>\n<br \/>\u0130zmir Bornova\u2019daki A\u015f\u0131k Veysel G\u00f6rme Engelliler Okulu\u2019nda e\u011fitim g\u00f6ren Fikriye ve Kerem Gezgin karde\u015fler, pandemi d\u00f6neminde aileleriyle birlikte Isparta\u2019n\u0131n Yalva\u00e7 il\u00e7esine ta\u015f\u0131nd\u0131. Burada Atat\u00fcrk Anadolu Lisesi\u2019ni tamamlayan karde\u015fler, beden e\u011fitimi \u00f6\u011fretmenleri Yusuf Ali \u00c7elik ile tan\u0131\u015ft\u0131 ve goalball sporuna daha profesyonel \u015fekilde y\u00f6neldi. Do\u011fu\u015ftan y\u00fczde 93 g\u00f6rme engelli olan 18 ya\u015f\u0131ndaki Kerem, \u0130zmir Seferihisar\u2019daki 9 Eyl\u00fcl \u00dcniversitesi Spor Bilimleri Fak\u00fcltesi Rekreasyon b\u00f6l\u00fcm\u00fcn\u00fc kazand\u0131. Y\u00fczde 94 g\u00f6rme engelli olan 19 ya\u015f\u0131ndaki Fikriye ise Afyon Kocatepe \u00dcniversitesi Spor Bilimleri Fak\u00fcltesi Rekreasyon b\u00f6l\u00fcm\u00fcn\u00fc kazand\u0131. Bug\u00fcne kadar hi\u00e7 ayr\u0131lmam\u0131\u015f olan iki karde\u015f, \u00fcniversite e\u011fitimi nedeniyle bu y\u0131l ilk kez ayr\u0131 \u015fehirlerde e\u011fitim g\u00f6recek.<\/p>\n<p>&#8220;Ortaokuldan beri goalball ile ilgileniyorum&#8221;<br \/>\n<br \/>Goalball ser\u00fcvenini anlatan Fikriye Gezgin, &#8220;\u0130lk A\u015f\u0131k Veysel G\u00f6rme Engelliler Okulu\u2019nda okudum, \u0130zmir Bornova\u2019da bulunan. Daha sonra pandemi vesilesiyle Isparta Yalva\u00e7\u2019a, kendi memleketimize ta\u015f\u0131nd\u0131k. Burada Atat\u00fcrk Anadolu Lisesi\u2019ni bitirdim. Oradaki beden \u00f6\u011fretmenim sayesinde Yusuf Ali hocamla tan\u0131\u015ft\u0131m. \u00d6nceden de goalball ile ilgileniyordum, ortaokuldan beri ilgileniyorum. Daha sonra Yusuf Ali hocamla bu etkinli\u011fimize, sporumuza devam ettik. Bizim elimizden tuttu sa\u011f olsun, \u00e7e\u015fitli aktivitelere kat\u0131ld\u0131k. Her sene \u015fehirleraras\u0131 olan turnuvalara kat\u0131l\u0131yorum, kat\u0131lmaya devam ediyorum. 5 y\u0131ld\u0131r gidiyorum \u015fehirlere&#8221; dedi.<\/p>\n<p>&#8220;\u00dcniversiteyi kazand\u0131m, \u015fimdi s\u0131ra destek olmakta&#8221;<br \/>\n<br \/>Goalball ile \u0130zmir\u2019de tan\u0131\u015ft\u0131\u011f\u0131n\u0131 s\u00f6yleyen Kerem Gezgin ise, &#8220;\u0130zmir A\u015f\u0131k Veysel \u0130lkokulu-Ortaokulu G\u00f6rme Engelliler Okulu\u2019nda beden \u00f6\u011fretmenim vesile oldu, beni goalball ile tan\u0131\u015ft\u0131rd\u0131. Ondan sonra pandemi vesilesiyle Isparta Yalva\u00e7\u2019a, memleketimize ta\u015f\u0131nmak zorunda kald\u0131k. Burada da Atat\u00fcrk Anadolu Lisesi\u2019nde okudum. Ayn\u0131 zamanda Yusuf Ali \u00c7elik hocamla tan\u0131\u015ft\u0131m. Bana goalballde o da \u00f6nayak oldu, yard\u0131mc\u0131 oldu. Daha sonras\u0131nda liseyi bitirdim. Bana, \u2019\u00fcniversite s\u0131nav\u0131na gir\u2019 dedi, girdim \u00e7\u0131kt\u0131m, sonucum da iyi geldi. Ondan sonra \u2019Beden \u00f6\u011fretmenli\u011fi s\u0131nav\u0131 var\u2019 dedi. Bize onu \u00e7al\u0131\u015ft\u0131rd\u0131, haz\u0131rlad\u0131 bizi. Daha sonras\u0131nda girdik \u00e7\u0131kt\u0131k, onu da ge\u00e7tik. \u00dcniversiteyi kazand\u0131m. Kazand\u0131\u011f\u0131m yer \u0130zmir 9 Eyl\u00fcl Spor Fak\u00fcltesi. Biz de \u00fcniversiteyi bitirince Yusuf Ali \u00c7elik hocam gibi g\u00f6rme engelli arkada\u015flar\u0131m\u0131za \u00f6nayak olmaya \u00e7al\u0131\u015faca\u011f\u0131z&#8221; ifadelerini kulland\u0131.<\/p>\n<p>&#8220;Toplum g\u00f6rme engellileri yeterince tan\u0131m\u0131yor&#8221;<br \/>\n<br \/>Toplumsal fark\u0131ndal\u0131\u011f\u0131n \u00f6nemine de\u011finen Kerem Gezgin, &#8220;Bence toplum g\u00f6rme engellileri fazla tan\u0131m\u0131yor, beni de \u00fczen taraf\u0131 bu. G\u00f6rme engellilerin bence spora eri\u015febilmesi i\u00e7in ilk \u00f6nce ailelerinin destek \u00e7\u0131kmas\u0131 laz\u0131m. Ve sonras\u0131nda Yusuf Ali \u00c7elik hocam gibi binlerce olmas\u0131 laz\u0131m&#8221; ifadelerini kulland\u0131.<\/p>\n<p>&#8220;Aileler \u00e7ocuklar\u0131n\u0131n arkas\u0131nda dursun&#8221;<br \/>\n<br \/>Karde\u015fiyle birbirlerine destek olduklar\u0131n\u0131 aktaran Fikriye Gezgin, &#8220;Ailemiz bizim arkam\u0131zda durdular, yard\u0131mc\u0131 oldular, daha sonra bizi as\u0131l finale haz\u0131rlayan Yusuf Ali \u00c7elik hocam\u0131z sa\u011f olsun. Bize bu yolda en \u00e7ok mutlu eden, motive eden \u00f6nce ailemizin arkam\u0131zda durmas\u0131, daha sonra biz yorulsak da b\u0131ksak da vazge\u00e7sek de Yusuf Ali hocam\u0131z bize hep destek \u00e7\u0131kt\u0131, yard\u0131mc\u0131 oldu. Biz yorulsak bile, s\u0131k\u0131lsak bile bizim i\u00e7in gece g\u00fcnd\u00fcz \u00e7al\u0131\u015ft\u0131, emek harcad\u0131, bize yard\u0131mc\u0131 oldu. Bu da bizi motive etti ve onun sayesinde bu yerlere geldik&#8221; diye konu\u015ftu.<\/p>\n<p>&#8220;\u00c7ocu\u011funuzun yetene\u011fi neyse ona destek \u00e7\u0131k\u0131n, sak\u0131n onu engeliyle yarg\u0131lamay\u0131n&#8221;<br \/>\n<br \/>G\u00f6rme engelli \u00e7ocuklar\u0131 olan ailelere seslenen Fikriye Gezgin, &#8220;\u00c7ocu\u011funuzun yetene\u011fi neyse ona destek \u00e7\u0131k\u0131n, sak\u0131n onu engeliyle yarg\u0131lamay\u0131n. Arkas\u0131nda durun, yanl\u0131\u015f da yapsa, do\u011fru da yapsa hep arkas\u0131nda olun, ona destek \u00e7\u0131k\u0131n, elinden tutun. Ona ait okullara yollay\u0131n, kayna\u015ft\u0131rma okullar\u0131na zorlamay\u0131n. Bu, \u00e7ocuklar\u0131m\u0131z\u0131 \u00e7ok y\u0131pratan bir durum ve biz \u00e7ocuklar\u0131m\u0131z\u0131 zorlad\u0131k\u00e7a \u00e7ocuklar\u0131m\u0131z iyice kendilerini \u00f6nemsiz hissediyorlar, kendilerini i\u00e7e kapat\u0131yorlar&#8221; dedi.<\/p>\n<p>&#8220;Engelli \u00f6\u011frencileri d\u0131\u015flamay\u0131n&#8221;<br \/>\n<br \/>\u00d6\u011fretmenlere \u00e7a\u011fr\u0131 yapan Fikriye Gezgin, &#8220;E\u011fer s\u0131n\u0131fta bir \u00f6\u011frenci bile engelli ise onu d\u0131\u015flamay\u0131n, onun ihtiya\u00e7lar\u0131n\u0131 kar\u015f\u0131lamaya \u00e7al\u0131\u015f\u0131n. Ve di\u011fer arkada\u015flar\u0131n\u0131za da bunu s\u00f6yleyin. Onun yan\u0131nda olmasa bile s\u00f6yleyin, dile getirin. Engelli karde\u015flerimizi k\u00fc\u00e7\u00fcmsemeyelim, destek olal\u0131m, arkas\u0131nda dural\u0131m. Okullardaki beden \u00f6\u011fretmenlerimiz, sizler de bu sporu herhangi bir g\u00f6rme engelli ya da ba\u015fka bir engeli olan karde\u015flerimize sporu g\u00f6sterebilirsiniz, anlatabilirsiniz, turnuvalara haz\u0131rlayabilirsiniz. Bu, onun i\u00e7in \u00e7ok mutlu ve sevin\u00e7 dolu bir \u015fey olur, sizi unutmaz asla&#8221; ifadelerine yer verdi.<br \/>\n<br \/>Kerem ve Fikriye Gezgin, s\u00fcre\u00e7te kendilerine destek olan ailelerine ve Isparta Yalva\u00e7 Gen\u00e7lik Spor Merkezi\u2019nde g\u00f6rev yapan Yusuf Ali \u00c7elik\u2019e te\u015fekk\u00fcr etti.<br \/><\/p>\n","protected":false},"excerpt":{"rendered":"<p>Pandemi d\u00f6neminde \u0130zmir\u2019den memleketleri Isparta Yalva\u00e7\u2019a ta\u015f\u0131nan do\u011fu\u015ftan g\u00f6rme engelli Fikriye ve Kerem Gezgin karde\u015fler, beden e\u011fitimi \u00f6\u011fretmenlerinin y\u00f6nlendirmesiyle sporda ba\u015far\u0131 elde ederek \u00fcniversiteye ad\u0131m att\u0131. Bu y\u0131l ilk kez farkl\u0131 \u015fehirlerde e\u011fitim g\u00f6recek olan karde\u015fler, engelli \u00e7ocuklar\u0131 olan ailelere ortak bir mesaj vererek, &#8220;Aileler, \u00e7ocuklar\u0131n\u0131n her zaman arkas\u0131nda dursun&#8221; dedi. \u0130zmir Bornova\u2019daki A\u015f\u0131k Veysel&#8230;<\/p>\n","protected":false},"author":1,"featured_media":57846,"comment_status":"open","ping_status":"open","sticky":false,"template":"","format":"standard","meta":{"_crdt_document":"","footnotes":""},"categories":[123],"tags":[],"class_list":["post-57845","post","type-post","status-publish","format-standard","has-post-thumbnail","hentry","category-gundem"],"_links":{"self":[{"href":"https:\/\/www.egemtv.com\/index.php?rest_route=\/wp\/v2\/posts\/57845","targetHints":{"allow":["GET"]}}],"collection":[{"href":"https:\/\/www.egemtv.com\/index.php?rest_route=\/wp\/v2\/posts"}],"about":[{"href":"https:\/\/www.egemtv.com\/index.php?rest_route=\/wp\/v2\/types\/post"}],"author":[{"embeddable":true,"href":"https:\/\/www.egemtv.com\/index.php?rest_route=\/wp\/v2\/users\/1"}],"replies":[{"embeddable":true,"href":"https:\/\/www.egemtv.com\/index.php?rest_route=%2Fwp%2Fv2%2Fcomments&post=57845"}],"version-history":[{"count":1,"href":"https:\/\/www.egemtv.com\/index.php?rest_route=\/wp\/v2\/posts\/57845\/revisions"}],"predecessor-version":[{"id":57847,"href":"https:\/\/www.egemtv.com\/index.php?rest_route=\/wp\/v2\/posts\/57845\/revisions\/57847"}],"wp:featuredmedia":[{"embeddable":true,"href":"https:\/\/www.egemtv.com\/index.php?rest_route=\/wp\/v2\/media\/57846"}],"wp:attachment":[{"href":"https:\/\/www.egemtv.com\/index.php?rest_route=%2Fwp%2Fv2%2Fmedia&parent=57845"}],"wp:term":[{"taxonomy":"category","embeddable":true,"href":"https:\/\/www.egemtv.com\/index.php?rest_route=%2Fwp%2Fv2%2Fcategories&post=57845"},{"taxonomy":"post_tag","embeddable":true,"href":"https:\/\/www.egemtv.com\/index.php?rest_route=%2Fwp%2Fv2%2Ftags&post=57845"}],"curies":[{"name":"wp","href":"https:\/\/api.w.org\/{rel}","templated":true}]}}