{"id":57839,"date":"2025-09-28T10:55:14","date_gmt":"2025-09-28T07:55:14","guid":{"rendered":"https:\/\/www.egemtv.com\/?p=57839"},"modified":"2025-09-28T10:55:15","modified_gmt":"2025-09-28T07:55:15","slug":"yenipazar-pide-festivali-icin-hazirlik-toplantisi-yapildi","status":"publish","type":"post","link":"https:\/\/www.egemtv.com\/?p=57839","title":{"rendered":"Yenipazar Pide Festivali i\u00e7in haz\u0131rl\u0131k toplant\u0131s\u0131 yap\u0131ld\u0131"},"content":{"rendered":"<p>Ayd\u0131n\u2019\u0131n Yenipazar il\u00e7esinde Belediye Ba\u015fkan\u0131 Malik Ercan, il\u00e7enin simgesi haline gelen Yenipazar Pidesi\u2019nin tan\u0131t\u0131m\u0131 i\u00e7in bu y\u0131l 2-5 Ekim tarihleri aras\u0131nda d\u00fczenlenecek Pide Festivali \u00f6ncesi pide ustalar\u0131 ve Yenipazar Esnaf Odas\u0131 Ba\u015fkan\u0131 Sinan Deyirmencio\u011flu ile bir araya geldi.<\/p>\n<p>Yenipazar Belediyesi\u2019nin \u00f6nc\u00fcl\u00fc\u011f\u00fcnde ger\u00e7ekle\u015fecek festival boyunca il\u00e7ede \u00e7e\u015fitli etkinlikler yap\u0131lacak, gelen ziyaret\u00e7ilere co\u011frafi i\u015faretli Yenipazar pidesi ile kentin gastronomi de\u011ferleri tan\u0131t\u0131lacak. Belediye Ba\u015fkan\u0131 Ercan, g\u00f6reve gelir gelmez co\u011frafi i\u015faretini ald\u0131klar\u0131 Yenipazar pidesinin tan\u0131t\u0131m\u0131na b\u00fcy\u00fck \u00f6nem verdiklerini belirterek, &#8220;Toplant\u0131m\u0131zda festivalin haz\u0131rl\u0131klar\u0131 ve i\u00e7eri\u011fi hakk\u0131nda bilgi al\u0131\u015fveri\u015finde bulunduk. Ge\u00e7ti\u011fimiz y\u0131l yapt\u0131\u011f\u0131m\u0131z \u2018Yenifest\u2019 co\u015fkulu ge\u00e7mi\u015fti, bu y\u0131l da ayn\u0131 heyecan\u0131 ya\u015fayaca\u011f\u0131z. Pide Festivalimize destek veren pideci esnaflar\u0131m\u0131za te\u015fekk\u00fcr ediyorum&#8221; dedi.<br \/><\/p>\n","protected":false},"excerpt":{"rendered":"<p>Ayd\u0131n\u2019\u0131n Yenipazar il\u00e7esinde Belediye Ba\u015fkan\u0131 Malik Ercan, il\u00e7enin simgesi haline gelen Yenipazar Pidesi\u2019nin tan\u0131t\u0131m\u0131 i\u00e7in bu y\u0131l 2-5 Ekim tarihleri aras\u0131nda d\u00fczenlenecek Pide Festivali \u00f6ncesi pide ustalar\u0131 ve Yenipazar Esnaf Odas\u0131 Ba\u015fkan\u0131 Sinan Deyirmencio\u011flu ile bir araya geldi. Yenipazar Belediyesi\u2019nin \u00f6nc\u00fcl\u00fc\u011f\u00fcnde ger\u00e7ekle\u015fecek festival boyunca il\u00e7ede \u00e7e\u015fitli etkinlikler yap\u0131lacak, gelen ziyaret\u00e7ilere co\u011frafi i\u015faretli Yenipazar pidesi ile&#8230;<\/p>\n","protected":false},"author":1,"featured_media":57840,"comment_status":"open","ping_status":"open","sticky":false,"template":"","format":"standard","meta":{"_crdt_document":"","footnotes":""},"categories":[1],"tags":[],"class_list":["post-57839","post","type-post","status-publish","format-standard","has-post-thumbnail","hentry","category-guncel"],"_links":{"self":[{"href":"https:\/\/www.egemtv.com\/index.php?rest_route=\/wp\/v2\/posts\/57839","targetHints":{"allow":["GET"]}}],"collection":[{"href":"https:\/\/www.egemtv.com\/index.php?rest_route=\/wp\/v2\/posts"}],"about":[{"href":"https:\/\/www.egemtv.com\/index.php?rest_route=\/wp\/v2\/types\/post"}],"author":[{"embeddable":true,"href":"https:\/\/www.egemtv.com\/index.php?rest_route=\/wp\/v2\/users\/1"}],"replies":[{"embeddable":true,"href":"https:\/\/www.egemtv.com\/index.php?rest_route=%2Fwp%2Fv2%2Fcomments&post=57839"}],"version-history":[{"count":1,"href":"https:\/\/www.egemtv.com\/index.php?rest_route=\/wp\/v2\/posts\/57839\/revisions"}],"predecessor-version":[{"id":57841,"href":"https:\/\/www.egemtv.com\/index.php?rest_route=\/wp\/v2\/posts\/57839\/revisions\/57841"}],"wp:featuredmedia":[{"embeddable":true,"href":"https:\/\/www.egemtv.com\/index.php?rest_route=\/wp\/v2\/media\/57840"}],"wp:attachment":[{"href":"https:\/\/www.egemtv.com\/index.php?rest_route=%2Fwp%2Fv2%2Fmedia&parent=57839"}],"wp:term":[{"taxonomy":"category","embeddable":true,"href":"https:\/\/www.egemtv.com\/index.php?rest_route=%2Fwp%2Fv2%2Fcategories&post=57839"},{"taxonomy":"post_tag","embeddable":true,"href":"https:\/\/www.egemtv.com\/index.php?rest_route=%2Fwp%2Fv2%2Ftags&post=57839"}],"curies":[{"name":"wp","href":"https:\/\/api.w.org\/{rel}","templated":true}]}}