{"id":57836,"date":"2025-09-28T10:55:13","date_gmt":"2025-09-28T07:55:13","guid":{"rendered":"https:\/\/www.egemtv.com\/?p=57836"},"modified":"2025-09-28T10:55:14","modified_gmt":"2025-09-28T07:55:14","slug":"efeler-diyari-aydin-2026da-kultur-yolu-festivaline-ev-sahipligi-yapacak","status":"publish","type":"post","link":"https:\/\/www.egemtv.com\/?p=57836","title":{"rendered":"Efeler diyar\u0131 Ayd\u0131n, 2026\u2019da K\u00fclt\u00fcr Yolu Festivali\u2019ne ev sahipli\u011fi yapacak"},"content":{"rendered":"<p>T\u00fcrkiye\u2019nin en b\u00fcy\u00fck k\u00fclt\u00fcr ve sanat etkinli\u011fi olan T\u00fcrkiye K\u00fclt\u00fcr Yolu Festivali\u2019nin 2026 y\u0131l\u0131nda Ayd\u0131n\u2019da ger\u00e7ekle\u015ftirilece\u011fi duyuruldu.<\/p>\n<p>Tralleis\u2019ten Afrodisias\u2019a, Nysa\u2019dan Milet\u2019e kadar bir\u00e7ok antik kente ev sahipli\u011fi yapan Ayd\u0131n, 2026 y\u0131l\u0131nda T\u00fcrkiye\u2019nin en b\u00fcy\u00fck k\u00fclt\u00fcr ve sanat organizasyonlar\u0131ndan biri olan T\u00fcrkiye K\u00fclt\u00fcr Yolu Festivali\u2019ne haz\u0131rlan\u0131yor. Kamuoyuna duyurulan karar kentte b\u00fcy\u00fck sevin\u00e7 ve heyecanla kar\u015f\u0131lan\u0131rken, festivalin \u015fehre binlerce yerli ve yabanc\u0131 ziyaret\u00e7i \u00e7ekerek ekonomiye b\u00fcy\u00fck katk\u0131 sa\u011flayaca\u011f\u0131n\u0131 belirtiyor.<\/p>\n<p>Yetkililer taraf\u0131ndan konuyla ilgili yap\u0131lan a\u00e7\u0131klamada, &#8220;K\u00fclt\u00fcr ve Turizm Bakan\u0131 Mehmet Nuri Ersoy\u2019un a\u00e7\u0131klamalar\u0131yla \u00fclkemizin en b\u00fcy\u00fck k\u00fclt\u00fcr ve sanat etkinli\u011fi olan T\u00fcrkiye K\u00fclt\u00fcr Yolu Festivali\u2019nin 2026 y\u0131l\u0131nda yeni dura\u011f\u0131n\u0131n Ayd\u0131n olaca\u011f\u0131 m\u00fcjdesini b\u00fcy\u00fck bir gurur ve heyecanla payla\u015f\u0131yoruz. Efeler diyar\u0131 Ayd\u0131n, antik kentleri, bereketli topraklar\u0131, e\u015fsiz gastronomisi ve zengin k\u00fclt\u00fcr miras\u0131yla bu b\u00fcy\u00fck organizasyona ev sahipli\u011fi yapmaya haz\u0131rlan\u0131yor. 2026 y\u0131l\u0131nda \u015fehrimizin d\u00f6rt bir yan\u0131 konserler, sergiler, at\u00f6lyeler ve birbirinden renkli etkinliklerle canlanacak. Bu \u00f6nemli karar\u0131n \u015fehrimize ve \u00fclke turizmine hay\u0131rl\u0131 olmas\u0131n\u0131 diliyor, ba\u015fta K\u00fclt\u00fcr ve Turizm Bakan\u0131m\u0131z Mehmet Nuri Ersoy olmak \u00fczere eme\u011fi ge\u00e7en herkese \u015f\u00fckranlar\u0131m\u0131z\u0131 sunuyoruz&#8221; ifadelerine yer verildi.<br \/><\/p>\n","protected":false},"excerpt":{"rendered":"<p>T\u00fcrkiye\u2019nin en b\u00fcy\u00fck k\u00fclt\u00fcr ve sanat etkinli\u011fi olan T\u00fcrkiye K\u00fclt\u00fcr Yolu Festivali\u2019nin 2026 y\u0131l\u0131nda Ayd\u0131n\u2019da ger\u00e7ekle\u015ftirilece\u011fi duyuruldu. Tralleis\u2019ten Afrodisias\u2019a, Nysa\u2019dan Milet\u2019e kadar bir\u00e7ok antik kente ev sahipli\u011fi yapan Ayd\u0131n, 2026 y\u0131l\u0131nda T\u00fcrkiye\u2019nin en b\u00fcy\u00fck k\u00fclt\u00fcr ve sanat organizasyonlar\u0131ndan biri olan T\u00fcrkiye K\u00fclt\u00fcr Yolu Festivali\u2019ne haz\u0131rlan\u0131yor. Kamuoyuna duyurulan karar kentte b\u00fcy\u00fck sevin\u00e7 ve heyecanla kar\u015f\u0131lan\u0131rken, festivalin&#8230;<\/p>\n","protected":false},"author":1,"featured_media":57837,"comment_status":"open","ping_status":"open","sticky":false,"template":"","format":"standard","meta":{"_crdt_document":"","footnotes":""},"categories":[1],"tags":[],"class_list":["post-57836","post","type-post","status-publish","format-standard","has-post-thumbnail","hentry","category-guncel"],"_links":{"self":[{"href":"https:\/\/www.egemtv.com\/index.php?rest_route=\/wp\/v2\/posts\/57836","targetHints":{"allow":["GET"]}}],"collection":[{"href":"https:\/\/www.egemtv.com\/index.php?rest_route=\/wp\/v2\/posts"}],"about":[{"href":"https:\/\/www.egemtv.com\/index.php?rest_route=\/wp\/v2\/types\/post"}],"author":[{"embeddable":true,"href":"https:\/\/www.egemtv.com\/index.php?rest_route=\/wp\/v2\/users\/1"}],"replies":[{"embeddable":true,"href":"https:\/\/www.egemtv.com\/index.php?rest_route=%2Fwp%2Fv2%2Fcomments&post=57836"}],"version-history":[{"count":1,"href":"https:\/\/www.egemtv.com\/index.php?rest_route=\/wp\/v2\/posts\/57836\/revisions"}],"predecessor-version":[{"id":57838,"href":"https:\/\/www.egemtv.com\/index.php?rest_route=\/wp\/v2\/posts\/57836\/revisions\/57838"}],"wp:featuredmedia":[{"embeddable":true,"href":"https:\/\/www.egemtv.com\/index.php?rest_route=\/wp\/v2\/media\/57837"}],"wp:attachment":[{"href":"https:\/\/www.egemtv.com\/index.php?rest_route=%2Fwp%2Fv2%2Fmedia&parent=57836"}],"wp:term":[{"taxonomy":"category","embeddable":true,"href":"https:\/\/www.egemtv.com\/index.php?rest_route=%2Fwp%2Fv2%2Fcategories&post=57836"},{"taxonomy":"post_tag","embeddable":true,"href":"https:\/\/www.egemtv.com\/index.php?rest_route=%2Fwp%2Fv2%2Ftags&post=57836"}],"curies":[{"name":"wp","href":"https:\/\/api.w.org\/{rel}","templated":true}]}}