{"id":57833,"date":"2025-09-28T10:55:11","date_gmt":"2025-09-28T07:55:11","guid":{"rendered":"https:\/\/www.egemtv.com\/?p=57833"},"modified":"2025-09-28T10:55:12","modified_gmt":"2025-09-28T07:55:12","slug":"kutahyada-lezzet-festivali-basladi","status":"publish","type":"post","link":"https:\/\/www.egemtv.com\/?p=57833","title":{"rendered":"K\u00fctahya\u2019da Lezzet Festivali ba\u015flad\u0131"},"content":{"rendered":"<p>K\u00fctahya Zafer Meydan\u0131\u2019nda d\u00fczenlenen Lezzet Festivali yo\u011fun ilgiyle ba\u015flad\u0131. Bir hafta s\u00fcrecek festivalin ilk g\u00fcn\u00fcnde vatanda\u015flar, farkl\u0131 y\u00f6relerden gelen lezzetleri tatma f\u0131rsat\u0131 buldu.<br \/>\n<br \/>Esnaflar, kurduklar\u0131 stantlarda \u00fcr\u00fcnlerini tan\u0131tarak ziyaret\u00e7ilere ikramlarda bulundu. \u00d6zellikle Hatay ve Erzurum mutfa\u011f\u0131na ait k\u00fcnefe ba\u015fta olmak \u00fczere bir\u00e7ok y\u00f6resel tat, K\u00fctahyal\u0131lar\u0131n be\u011fenisini toplad\u0131. Festival boyunca vatanda\u015flar, farkl\u0131 \u015fehirlerin mutfak k\u00fclt\u00fcr\u00fcn\u00fc tan\u0131y\u0131p lezzetleri deneyimleme \u015fans\u0131 bulacak. Etkinlik bir hafta boyunca Zafer Meydan\u0131\u2019nda devam edecek.<br \/><\/p>\n","protected":false},"excerpt":{"rendered":"<p>K\u00fctahya Zafer Meydan\u0131\u2019nda d\u00fczenlenen Lezzet Festivali yo\u011fun ilgiyle ba\u015flad\u0131. Bir hafta s\u00fcrecek festivalin ilk g\u00fcn\u00fcnde vatanda\u015flar, farkl\u0131 y\u00f6relerden gelen lezzetleri tatma f\u0131rsat\u0131 buldu. Esnaflar, kurduklar\u0131 stantlarda \u00fcr\u00fcnlerini tan\u0131tarak ziyaret\u00e7ilere ikramlarda bulundu. \u00d6zellikle Hatay ve Erzurum mutfa\u011f\u0131na ait k\u00fcnefe ba\u015fta olmak \u00fczere bir\u00e7ok y\u00f6resel tat, K\u00fctahyal\u0131lar\u0131n be\u011fenisini toplad\u0131. Festival boyunca vatanda\u015flar, farkl\u0131 \u015fehirlerin mutfak k\u00fclt\u00fcr\u00fcn\u00fc tan\u0131y\u0131p&#8230;<\/p>\n","protected":false},"author":1,"featured_media":57834,"comment_status":"open","ping_status":"open","sticky":false,"template":"","format":"standard","meta":{"_crdt_document":"","footnotes":""},"categories":[125],"tags":[],"class_list":["post-57833","post","type-post","status-publish","format-standard","has-post-thumbnail","hentry","category-ekonomi"],"_links":{"self":[{"href":"https:\/\/www.egemtv.com\/index.php?rest_route=\/wp\/v2\/posts\/57833","targetHints":{"allow":["GET"]}}],"collection":[{"href":"https:\/\/www.egemtv.com\/index.php?rest_route=\/wp\/v2\/posts"}],"about":[{"href":"https:\/\/www.egemtv.com\/index.php?rest_route=\/wp\/v2\/types\/post"}],"author":[{"embeddable":true,"href":"https:\/\/www.egemtv.com\/index.php?rest_route=\/wp\/v2\/users\/1"}],"replies":[{"embeddable":true,"href":"https:\/\/www.egemtv.com\/index.php?rest_route=%2Fwp%2Fv2%2Fcomments&post=57833"}],"version-history":[{"count":1,"href":"https:\/\/www.egemtv.com\/index.php?rest_route=\/wp\/v2\/posts\/57833\/revisions"}],"predecessor-version":[{"id":57835,"href":"https:\/\/www.egemtv.com\/index.php?rest_route=\/wp\/v2\/posts\/57833\/revisions\/57835"}],"wp:featuredmedia":[{"embeddable":true,"href":"https:\/\/www.egemtv.com\/index.php?rest_route=\/wp\/v2\/media\/57834"}],"wp:attachment":[{"href":"https:\/\/www.egemtv.com\/index.php?rest_route=%2Fwp%2Fv2%2Fmedia&parent=57833"}],"wp:term":[{"taxonomy":"category","embeddable":true,"href":"https:\/\/www.egemtv.com\/index.php?rest_route=%2Fwp%2Fv2%2Fcategories&post=57833"},{"taxonomy":"post_tag","embeddable":true,"href":"https:\/\/www.egemtv.com\/index.php?rest_route=%2Fwp%2Fv2%2Ftags&post=57833"}],"curies":[{"name":"wp","href":"https:\/\/api.w.org\/{rel}","templated":true}]}}