{"id":57830,"date":"2025-09-28T10:55:10","date_gmt":"2025-09-28T07:55:10","guid":{"rendered":"https:\/\/www.egemtv.com\/?p=57830"},"modified":"2025-09-28T10:55:11","modified_gmt":"2025-09-28T07:55:11","slug":"kurucay-kavunu-tezgahlarda","status":"publish","type":"post","link":"https:\/\/www.egemtv.com\/?p=57830","title":{"rendered":"Kuru\u00e7ay kavunu tezgahlarda"},"content":{"rendered":"<p>K\u00fctahya\u2019n\u0131n Tav\u015fanl\u0131 il\u00e7esine ba\u011fl\u0131 Kuru\u00e7ay beldesinde yeti\u015fen ve lezzetiyle \u00fcn salan me\u015fhur Kuru\u00e7ay kavunlar\u0131, hasad\u0131n ba\u015flamas\u0131yla birlikte il\u00e7e merkezinde sat\u0131\u015fa sunuldu.<br \/>\n<br \/>Bahar ve yaz d\u00f6neminde \u00f6zenle bak\u0131mlar\u0131 yap\u0131lan ve kendine has aromas\u0131yla bilinen Kuru\u00e7ay kavunlar\u0131, Tav\u015fanl\u0131 halk\u0131yla bulu\u015ftu. Kuru\u00e7ay beldesinden \u00fcretici \u0130smail Temel, yeti\u015ftirdi\u011fi kavunlar\u0131 Yenimahalle Kuru\u00e7ay Caddesi \u00fczerindeki Yunus Emre Camii yan\u0131nda ve semt pazar\u0131nda kurdu\u011fu tezgahlarda satmaya ba\u015flad\u0131.<br \/>\n<br \/>Y\u0131llard\u0131r hobi olarak bu i\u015fi yapt\u0131\u011f\u0131n\u0131 belirten ve lezzetiyle iddial\u0131 oldu\u011funu s\u00f6yleyen \u0130smail Temel, t\u00fcm Tav\u015fanl\u0131 halk\u0131n\u0131 bu e\u015fsiz lezzeti tatmaya davet etti. Temel, &#8220;Ata tohumundan, tamamen do\u011fal y\u00f6ntemlerle \u00fcretti\u011fimiz kavunlar\u0131m\u0131z\u0131n hasad\u0131na ba\u015flad\u0131k. Kuru\u00e7ay\u2019\u0131n verimli topraklar\u0131nda yeti\u015fen bu kavunlar\u0131n tad\u0131 bir ba\u015fkad\u0131r. T\u00fcm hem\u015fehrilerimizi, Yunus Emre Camii yan\u0131ndaki ve semt pazar\u0131ndaki tezgah\u0131m\u0131za gelerek bu me\u015fhur lezzeti tatmaya davet ediyorum. Farkl\u0131 aromas\u0131n\u0131 tatt\u0131klar\u0131nda ne demek istedi\u011fimi anlayacaklard\u0131r,&#8221; diye konu\u015ftu.<br \/>\n<br \/>Tezgahlarda yerini alan Kuru\u00e7ay kavunlar\u0131, hem kokusu hem de lezzetiyle al\u0131\u015fveri\u015f yapan vatanda\u015flar\u0131n ilgisini \u00e7ekiyor. B\u00f6lge halk\u0131, her y\u0131l bu zamanlar\u0131 heyecanla beklediklerini ve Kuru\u00e7ay kavununun sofralar\u0131n\u0131n vazge\u00e7ilmezi oldu\u011funu belirtiyor.<br \/><\/p>\n","protected":false},"excerpt":{"rendered":"<p>K\u00fctahya\u2019n\u0131n Tav\u015fanl\u0131 il\u00e7esine ba\u011fl\u0131 Kuru\u00e7ay beldesinde yeti\u015fen ve lezzetiyle \u00fcn salan me\u015fhur Kuru\u00e7ay kavunlar\u0131, hasad\u0131n ba\u015flamas\u0131yla birlikte il\u00e7e merkezinde sat\u0131\u015fa sunuldu. Bahar ve yaz d\u00f6neminde \u00f6zenle bak\u0131mlar\u0131 yap\u0131lan ve kendine has aromas\u0131yla bilinen Kuru\u00e7ay kavunlar\u0131, Tav\u015fanl\u0131 halk\u0131yla bulu\u015ftu. Kuru\u00e7ay beldesinden \u00fcretici \u0130smail Temel, yeti\u015ftirdi\u011fi kavunlar\u0131 Yenimahalle Kuru\u00e7ay Caddesi \u00fczerindeki Yunus Emre Camii yan\u0131nda ve semt&#8230;<\/p>\n","protected":false},"author":1,"featured_media":57831,"comment_status":"open","ping_status":"open","sticky":false,"template":"","format":"standard","meta":{"_crdt_document":"","footnotes":""},"categories":[125],"tags":[],"class_list":["post-57830","post","type-post","status-publish","format-standard","has-post-thumbnail","hentry","category-ekonomi"],"_links":{"self":[{"href":"https:\/\/www.egemtv.com\/index.php?rest_route=\/wp\/v2\/posts\/57830","targetHints":{"allow":["GET"]}}],"collection":[{"href":"https:\/\/www.egemtv.com\/index.php?rest_route=\/wp\/v2\/posts"}],"about":[{"href":"https:\/\/www.egemtv.com\/index.php?rest_route=\/wp\/v2\/types\/post"}],"author":[{"embeddable":true,"href":"https:\/\/www.egemtv.com\/index.php?rest_route=\/wp\/v2\/users\/1"}],"replies":[{"embeddable":true,"href":"https:\/\/www.egemtv.com\/index.php?rest_route=%2Fwp%2Fv2%2Fcomments&post=57830"}],"version-history":[{"count":1,"href":"https:\/\/www.egemtv.com\/index.php?rest_route=\/wp\/v2\/posts\/57830\/revisions"}],"predecessor-version":[{"id":57832,"href":"https:\/\/www.egemtv.com\/index.php?rest_route=\/wp\/v2\/posts\/57830\/revisions\/57832"}],"wp:featuredmedia":[{"embeddable":true,"href":"https:\/\/www.egemtv.com\/index.php?rest_route=\/wp\/v2\/media\/57831"}],"wp:attachment":[{"href":"https:\/\/www.egemtv.com\/index.php?rest_route=%2Fwp%2Fv2%2Fmedia&parent=57830"}],"wp:term":[{"taxonomy":"category","embeddable":true,"href":"https:\/\/www.egemtv.com\/index.php?rest_route=%2Fwp%2Fv2%2Fcategories&post=57830"},{"taxonomy":"post_tag","embeddable":true,"href":"https:\/\/www.egemtv.com\/index.php?rest_route=%2Fwp%2Fv2%2Ftags&post=57830"}],"curies":[{"name":"wp","href":"https:\/\/api.w.org\/{rel}","templated":true}]}}