{"id":57827,"date":"2025-09-28T10:35:54","date_gmt":"2025-09-28T07:35:54","guid":{"rendered":"https:\/\/www.egemtv.com\/?p=57827"},"modified":"2025-09-28T10:35:55","modified_gmt":"2025-09-28T07:35:55","slug":"ispanyadaki-dag-koyu-icin-tasarim-yaptilar","status":"publish","type":"post","link":"https:\/\/www.egemtv.com\/?p=57827","title":{"rendered":"\u0130spanya\u2019daki da\u011f k\u00f6y\u00fc i\u00e7in tasar\u0131m yapt\u0131lar"},"content":{"rendered":"<p>Ya\u015far \u00dcniversitesi\u2019nin \u00f6nc\u00fcl\u00fc\u011f\u00fcnde \u0130spanya\u2019n\u0131n Alpujarra b\u00f6lgesinde d\u00fczenlenen yaz okulunda \u00f6\u011frenciler, terk edilmi\u015f La Cebadilla k\u00f6y\u00fcn\u00fcn \u015fapelini dijital g\u00f6\u00e7ebeler i\u00e7in \u00e7ok ama\u00e7l\u0131 bir mek\u00e2na d\u00f6n\u00fc\u015ft\u00fcrecek projeler geli\u015ftirdi. Program, su, peyzaj ve k\u00fclt\u00fcrel miras\u0131n \u00e7a\u011fda\u015f ya\u015famla nas\u0131l bulu\u015fabilece\u011fini \u00f6znel tasar\u0131mlarla ortaya koydu.<br \/>\n<br \/>Ya\u015far \u00dcniversitesi Mimarl\u0131k Fak\u00fcltesi \u0130\u00e7 Mimarl\u0131k ve \u00c7evre Tasar\u0131m\u0131 B\u00f6l\u00fcm\u00fc, Yunanistan\u2019daki West Attica \u00dcniversitesi ve \u0130spanya\u2019daki ESADA (End\u00fcl\u00fcs Tasar\u0131m ve Sanat Okulu) i\u015f birli\u011fiyle d\u00fczenlenen uluslararas\u0131 yaz okulu serisi, \u00fc\u00e7\u00fcnc\u00fc y\u0131l\u0131nda \u0130spanya\u2019n\u0131n Granada kentine ba\u011fl\u0131 Alpujarra b\u00f6lgesinde ger\u00e7ekle\u015ftirildi. Erasmus+ BIP (Y\u00fcksek \u00d6\u011fretim Hareketlili\u011fi Karma Yo\u011fun Programlar) \u00e7er\u00e7evesinde y\u00fcr\u00fct\u00fclen 2025 Yaz Okulu, &#8220;G\u00f6\u00e7ebenin S\u0131\u011f\u0131na\u011f\u0131&#8221; (The Nomad\u2019s Sanctuary) ba\u015fl\u0131\u011f\u0131yla \u00f6\u011frencileri terk edilmi\u015f bir da\u011f k\u00f6y\u00fcnde miras, mek\u00e2n ve \u00e7a\u011fda\u015f toplum \u00fczerine d\u00fc\u015f\u00fcnmeye davet etti.<\/p>\n<p>Eski \u015fapele dijital g\u00f6\u00e7ebe temas\u0131<br \/>\n<br \/>2023\u2019te \u0130zmir\u2019de Ya\u015far \u00dcniversitesi, 2024\u2019te ise Midilli\u2019de West Attica \u00dcniversitesi ev sahipli\u011finde d\u00fczenlenen yaz okulunun bu y\u0131lki konusu, bir d\u00f6nem hidroelektrik santral i\u015f\u00e7ileri i\u00e7in in\u015fa edilen ve bug\u00fcn terk edilmi\u015f durumda olan La Cebadilla k\u00f6y\u00fc oldu. \u00d6\u011frenciler, k\u00f6y\u00fcn \u015fapelini dijital g\u00f6\u00e7ebeler i\u00e7in \u00e7ok ama\u00e7l\u0131 bir mek\u00e2na d\u00f6n\u00fc\u015ft\u00fcrmeyi hedefleyen yeniden kullan\u0131m projeleri geli\u015ftirdi. Su, peyzaj ve k\u00fclt\u00fcr ili\u015fkisini merkeze alan bu tasar\u0131mlar, \u015fapeli bir bulu\u015fma, \u00e7al\u0131\u015fma ve ortak ya\u015fam alan\u0131 olarak yeniden tan\u0131mlad\u0131. \u00c7evrim i\u00e7i seminerlerde Alpujarra\u2019n\u0131n geleneksel mimarisi, Granada\u2019da su ve mimarl\u0131k ili\u015fkisi ile b\u00f6lgenin d\u00f6n\u00fc\u015f\u00fcm potansiyeli ele al\u0131nd\u0131. Ard\u0131ndan b\u00f6lgeye giden \u00f6\u011frenciler, alan gezileri, at\u00f6lyeler ve yo\u011fun st\u00fcdyo \u00e7al\u0131\u015fmalar\u0131yla projelerini geli\u015ftirdi. Ayr\u0131ca Elhamra Saray\u0131 gibi D\u00fcnya Miras\u0131 alanlar\u0131nda inceleme yapma f\u0131rsat\u0131 buldular. Final projeleri ise yerel y\u00f6netim ve halk\u0131n kat\u0131l\u0131m\u0131yla ger\u00e7ekle\u015ftirilen bir sunumda payla\u015f\u0131ld\u0131.<br \/>\n<br \/>Programa; Ya\u015far \u00dcniversitesi \u0130\u00e7 Mimarl\u0131k ve \u00c7evre Tasar\u0131m\u0131 B\u00f6l\u00fcm\u00fc\u2019nden Dr. \u00d6\u011fretim \u00dcyesi Ebru Karaba\u011f, \u00d6\u011fretim G\u00f6revlisi Sergio Taddonio ve Ara\u015ft\u0131rma G\u00f6revlisi \u00d6z\u00fcm Karada\u011f, \u0130spanya ESADA\u2019dan Jos\u00e9 Antonio Gonzlez Casares, Carmen Gmez V\u00e9lez, Mara Jos\u00e9 Duran Vaquero, Yunanistan West Attica \u00dcniversitesi\u2019nden ise Angelos Psilopoulos ve Maria Moira e\u011fitmen olarak kat\u0131ld\u0131. \u00d6\u011frencilerden ise Deniz \u00c7\u0131ray, G\u00f6ktu\u011f Yi\u011fitol, Ceren \u00c7aml\u0131ca, Aycan Dede, Ayten G\u00fcner, Sevim \u00c7ankaya, \u0130rem T\u00fcrker, T\u00fcrkay Korkusuz, G\u00f6k\u00e7e \u0130rem Bozkurt ve Gamze Ene\u015f program\u0131 ba\u015far\u0131yla tamamlad\u0131.<br \/>\n<br \/>Proje Koordinat\u00f6rleri Ebru Karaba\u011f ve Sergio Taddonio program\u0131 \u015fu s\u00f6zlerle de\u011ferlendirdi: &#8220;Bu y\u0131lki at\u00f6lyenin amac\u0131, Alpujarra b\u00f6lgesinin da\u011fl\u0131k co\u011frafyas\u0131nda su, peyzaj ve k\u00fclt\u00fcr aras\u0131ndaki g\u00fc\u00e7l\u00fc ba\u011f\u0131 vurgulamakt\u0131. \u00d6\u011frenciler, terk edilmi\u015f La Cebadilla k\u00f6y\u00fcn\u00fcn \u015fapeli i\u00e7in yeniden kullan\u0131m senaryolar\u0131 geli\u015ftirerek, miras\u0131n tarihi s\u00fcreklili\u011fini g\u00fcn\u00fcm\u00fcz\u00fcn ya\u015fam bi\u00e7imleriyle bulu\u015fturdu. Tasar\u0131m \u00f6nerileri, dijital g\u00f6\u00e7ebeler i\u00e7in \u00e7ok ama\u00e7l\u0131 ortak bir mek\u00e2n kurgularken, b\u00f6lgenin k\u00fclt\u00fcrel belle\u011fini, do\u011fal dokusunu ve topluluk ya\u015fam\u0131n\u0131 bir araya getiren yakla\u015f\u0131mlar sundu.&#8221;<br \/><\/p>\n","protected":false},"excerpt":{"rendered":"<p>Ya\u015far \u00dcniversitesi\u2019nin \u00f6nc\u00fcl\u00fc\u011f\u00fcnde \u0130spanya\u2019n\u0131n Alpujarra b\u00f6lgesinde d\u00fczenlenen yaz okulunda \u00f6\u011frenciler, terk edilmi\u015f La Cebadilla k\u00f6y\u00fcn\u00fcn \u015fapelini dijital g\u00f6\u00e7ebeler i\u00e7in \u00e7ok ama\u00e7l\u0131 bir mek\u00e2na d\u00f6n\u00fc\u015ft\u00fcrecek projeler geli\u015ftirdi. Program, su, peyzaj ve k\u00fclt\u00fcrel miras\u0131n \u00e7a\u011fda\u015f ya\u015famla nas\u0131l bulu\u015fabilece\u011fini \u00f6znel tasar\u0131mlarla ortaya koydu. Ya\u015far \u00dcniversitesi Mimarl\u0131k Fak\u00fcltesi \u0130\u00e7 Mimarl\u0131k ve \u00c7evre Tasar\u0131m\u0131 B\u00f6l\u00fcm\u00fc, Yunanistan\u2019daki West Attica \u00dcniversitesi ve&#8230;<\/p>\n","protected":false},"author":1,"featured_media":57828,"comment_status":"open","ping_status":"open","sticky":false,"template":"","format":"standard","meta":{"_crdt_document":"","footnotes":""},"categories":[1],"tags":[],"class_list":["post-57827","post","type-post","status-publish","format-standard","has-post-thumbnail","hentry","category-guncel"],"_links":{"self":[{"href":"https:\/\/www.egemtv.com\/index.php?rest_route=\/wp\/v2\/posts\/57827","targetHints":{"allow":["GET"]}}],"collection":[{"href":"https:\/\/www.egemtv.com\/index.php?rest_route=\/wp\/v2\/posts"}],"about":[{"href":"https:\/\/www.egemtv.com\/index.php?rest_route=\/wp\/v2\/types\/post"}],"author":[{"embeddable":true,"href":"https:\/\/www.egemtv.com\/index.php?rest_route=\/wp\/v2\/users\/1"}],"replies":[{"embeddable":true,"href":"https:\/\/www.egemtv.com\/index.php?rest_route=%2Fwp%2Fv2%2Fcomments&post=57827"}],"version-history":[{"count":1,"href":"https:\/\/www.egemtv.com\/index.php?rest_route=\/wp\/v2\/posts\/57827\/revisions"}],"predecessor-version":[{"id":57829,"href":"https:\/\/www.egemtv.com\/index.php?rest_route=\/wp\/v2\/posts\/57827\/revisions\/57829"}],"wp:featuredmedia":[{"embeddable":true,"href":"https:\/\/www.egemtv.com\/index.php?rest_route=\/wp\/v2\/media\/57828"}],"wp:attachment":[{"href":"https:\/\/www.egemtv.com\/index.php?rest_route=%2Fwp%2Fv2%2Fmedia&parent=57827"}],"wp:term":[{"taxonomy":"category","embeddable":true,"href":"https:\/\/www.egemtv.com\/index.php?rest_route=%2Fwp%2Fv2%2Fcategories&post=57827"},{"taxonomy":"post_tag","embeddable":true,"href":"https:\/\/www.egemtv.com\/index.php?rest_route=%2Fwp%2Fv2%2Ftags&post=57827"}],"curies":[{"name":"wp","href":"https:\/\/api.w.org\/{rel}","templated":true}]}}