{"id":57824,"date":"2025-09-28T10:35:52","date_gmt":"2025-09-28T07:35:52","guid":{"rendered":"https:\/\/www.egemtv.com\/?p=57824"},"modified":"2025-09-28T10:35:53","modified_gmt":"2025-09-28T07:35:53","slug":"hekimlige-ilk-adim","status":"publish","type":"post","link":"https:\/\/www.egemtv.com\/?p=57824","title":{"rendered":"Hekimli\u011fe ilk ad\u0131m"},"content":{"rendered":"<p>\u0130zmir Ekonomi \u00dcniversitesi (\u0130E\u00dc) T\u0131p Fak\u00fcltesi\u2019nde bu y\u0131l e\u011fitime ba\u015flayan 41 \u00f6\u011frenci, beyaz \u00f6nl\u00fcklerini giyip \u2018T\u0131bbiyeli Yemini\u2019 ederek hekimlik yolunda ilk ad\u0131m\u0131 att\u0131. B\u00fcy\u00fck co\u015fku ve heyecana sahne olan t\u00f6rende gelece\u011fin hekimlerine seslenen \u0130E\u00dc Rekt\u00f6r\u00fc Prof. Dr. Yusuf Hakan Abac\u0131o\u011flu, &#8220;Bug\u00fcn giydi\u011finiz beyaz \u00f6nl\u00fck; bilimin \u0131\u015f\u0131\u011f\u0131nda ve vicdan\u0131n rehberli\u011finde, insan onuruna sayg\u0131yla yapaca\u011f\u0131n\u0131z yolculu\u011fun simgesi olacak&#8221; diye konu\u015ftu.<br \/>\n<br \/>\u0130E\u00dc Konferans Salonu\u2019nda ger\u00e7ekle\u015ftirilen 2025-2026 Akademik Y\u0131l\u0131 Beyaz \u00d6nl\u00fck T\u00f6reni, \u00fcniversitenin Youtube hesab\u0131ndan da canl\u0131 yay\u0131nland\u0131. T\u00f6rende, \u00e7ocuklar\u0131n\u0131 beyaz \u00f6nl\u00fckle ilk kez g\u00f6ren aileler, mutluluk ve gururu bir arada ya\u015farken, zaman zaman da duyguland\u0131. T\u00fcrkiye\u2019nin farkl\u0131 noktalar\u0131nda verdikleri konserlerle b\u00fcy\u00fck be\u011feni toplayan \u0130E\u00dc \u00f6\u011fretim \u00fcyesi ve g\u00f6z hastal\u0131klar\u0131 uzman\u0131 Prof. Dr. Sait E\u011frilmez, aile hekimli\u011fi uzman\u0131 Dr. Nuri \u015ealk ve do\u011fu\u015ftan g\u00f6rme engelli Cem Cans\u0131z, bu \u00f6zel gecede \u2018T\u00fcrk\u00fclerdeki Hekimlik\u2019 adl\u0131 \u00f6zel programlar\u0131n\u0131 sunarak konuklara e\u015fsiz bir m\u00fczik ziyafeti ya\u015fatt\u0131. 300\u2019\u00fcnc\u00fc program\u0131n\u0131 \u0130zmir Ekonomi\u2019de sergileyen ekip, salonu dolduran kat\u0131l\u0131mc\u0131lardan b\u00fcy\u00fck alk\u0131\u015f ald\u0131. T\u00f6rende, 2024-2025 Akademik Y\u0131l\u0131\u2019nda t\u0131p fak\u00fcltesinden birincilikle mezun olan Dr. Sabiha Su Polatl\u0131 ve fak\u00fclteye bu sene en y\u00fcksek s\u0131ralama ile yerle\u015fen Hakan \u00d6mer \u00d6z\u00e7elik de birer konu\u015fma ger\u00e7ekle\u015ftirdi.<\/p>\n<p>\u2018Kadim De\u011ferler\u2019 vurgusu<br \/>\n<br \/>\u0130E\u00dc Rekt\u00f6r\u00fc Prof. Dr. Yusuf Hakan Abac\u0131o\u011flu, hekimli\u011fin kadim de\u011ferler ta\u015f\u0131yan bir meslek oldu\u011funa dikkat \u00e7ekerek, &#8220;Bu t\u00f6ren, gen\u00e7 t\u0131bbiyelilere sorumluluk ve onurla ta\u015f\u0131yacaklar\u0131 bir emaneti devretmekle ilgilidir. Emanet, hekimlik mesle\u011finin kadim de\u011ferleridir. \u00d6nce hastan\u0131n yarar\u0131n\u0131 g\u00f6zetmek, insana sayg\u0131 ve \u015fefkatle yakla\u015fmak, do\u011fruluk ve d\u00fcr\u00fcstl\u00fckten ayr\u0131lmamak, sorumluluk ta\u015f\u0131mak ve hesap verebilir olmak, ya\u015fam boyu \u00f6\u011frenmeye ve m\u00fckemmelli\u011fe adanmak, adalet ve e\u015fitli\u011fi savunmak, hastan\u0131n mahremiyetine \u00f6zen g\u00f6stermek, meslekta\u015flarla dayan\u0131\u015fma i\u00e7inde olmak ve topluma hizmet etmeyi g\u00f6rev saymak. Emanet, bilimin \u0131\u015f\u0131\u011f\u0131d\u0131r ve sadece insanlar\u0131n de\u011fil t\u00fcm ya\u015fam\u0131n savunulmas\u0131d\u0131r. Emanetiniz a\u011f\u0131r ama sahip \u00e7\u0131kaca\u011f\u0131n\u0131z\u0131 biliyorum. Sizlere g\u00fcveniyorum. \u00c7\u00fcnk\u00fc bu mesle\u011fi size \u00f6\u011fretecek hocalar\u0131n\u0131z\u0131n onlara emanet edilen bu de\u011ferleri korudu\u011funu, ya\u015fatt\u0131\u011f\u0131n\u0131 ve \u015fimdi sizlere aktaraca\u011f\u0131n\u0131 biliyorum&#8221; ifadelerini kulland\u0131.<\/p>\n<p>&#8220;Her te\u015fhiste bir ya\u015fam yolculu\u011fu g\u00f6receksiniz&#8221;<br \/>\n<br \/>\u0130E\u00dc T\u0131p Fak\u00fcltesi Dekan\u0131 Prof. Dr. \u0130lgi \u015eemin ise, hekimli\u011fin yaln\u0131zca bir meslek de\u011fil, ayn\u0131 zamanda insan\u0131n ac\u0131s\u0131na kulak vermek, g\u00f6zlerindeki umudu g\u00f6rmek ve o y\u00fck\u00fc payla\u015fmak oldu\u011funu ifade ederek, &#8220;Hastalar\u0131n\u0131za yakla\u015f\u0131rken sadece biyolojik problemi de\u011fil, ayn\u0131 zamanda psikolojik ve sosyal bir b\u00fct\u00fcn\u00fc g\u00f6receksiniz. \u00c7\u00fcnk\u00fc insan; ya\u015fad\u0131\u011f\u0131 \u00e7evresi, al\u0131\u015fkanl\u0131klar\u0131, sorumluluklar\u0131, destek sistemleri ile bir b\u00fct\u00fcnd\u00fcr. Sizler de bu anlay\u0131\u015fla, her hastada bir insan hik\u00e2yesi, her te\u015fhiste bir ya\u015fam yolculu\u011fu g\u00f6receksiniz. Hastan\u0131zla kurdu\u011funuz ileti\u015fim, onlara g\u00f6sterdi\u011finiz ilgi ve verdi\u011finiz g\u00fcven, re\u00e7eteye yazd\u0131\u011f\u0131n\u0131z ila\u00e7lardan \u00e7ok daha g\u00fc\u00e7l\u00fc olacak. Burada yaln\u0131zca dersler almayacak, bir ya\u015fam bi\u00e7imi de edineceksiniz. Sistemli \u00e7al\u0131\u015fmay\u0131, zaman\u0131 iyi kullanmay\u0131, disiplinli olmay\u0131, stresle ba\u015f etmeyi, kendi sa\u011fl\u0131\u011f\u0131n\u0131z\u0131 geli\u015ftirmeyi \u00f6\u011freneceksiniz. Bu al\u0131\u015fkanl\u0131klar, mesle\u011finizin omurgas\u0131n\u0131 olu\u015fturacak&#8221; dedi.<\/p>\n<p>&#8220;Beyaz \u00f6nl\u00fck, \u00fczerinizden hi\u00e7 \u00e7\u0131kmayacak&#8221;<br \/>\n<br \/>\u0130E\u00dc Medical Point Hastanesi T\u0131bbi Koordinat\u00f6r\u00fc Dr. Burak \u00d6ztop da e\u011fitim s\u00fcresi boyunca \u00f6\u011frencilere her t\u00fcrl\u00fc deste\u011fi vereceklerini belirterek, &#8220;Bug\u00fcn giydi\u011finiz beyaz \u00f6nl\u00fckleriniz, asl\u0131nda hayat\u0131n\u0131z boyunca \u00fczerinizden hi\u00e7 \u00e7\u0131kmayacak. \u00c7ok kutsal bir mesle\u011fi yerine getireceksiniz. Bizler de sizin en iyi \u015fekilde yeti\u015fmeniz i\u00e7in \u00e7aba g\u00f6sterecek, ihtiyac\u0131n\u0131z olan her an yan\u0131n\u0131zda olaca\u011f\u0131z. Sizleri ve ailelerinizi g\u00f6n\u00fclden kutluyor; ba\u015far\u0131l\u0131 bir e\u011fitim hayat\u0131 ge\u00e7irmenizi diliyorum&#8221; diye konu\u015ftu.<br \/><\/p>\n","protected":false},"excerpt":{"rendered":"<p>\u0130zmir Ekonomi \u00dcniversitesi (\u0130E\u00dc) T\u0131p Fak\u00fcltesi\u2019nde bu y\u0131l e\u011fitime ba\u015flayan 41 \u00f6\u011frenci, beyaz \u00f6nl\u00fcklerini giyip \u2018T\u0131bbiyeli Yemini\u2019 ederek hekimlik yolunda ilk ad\u0131m\u0131 att\u0131. B\u00fcy\u00fck co\u015fku ve heyecana sahne olan t\u00f6rende gelece\u011fin hekimlerine seslenen \u0130E\u00dc Rekt\u00f6r\u00fc Prof. Dr. Yusuf Hakan Abac\u0131o\u011flu, &#8220;Bug\u00fcn giydi\u011finiz beyaz \u00f6nl\u00fck; bilimin \u0131\u015f\u0131\u011f\u0131nda ve vicdan\u0131n rehberli\u011finde, insan onuruna sayg\u0131yla yapaca\u011f\u0131n\u0131z yolculu\u011fun simgesi&#8230;<\/p>\n","protected":false},"author":1,"featured_media":57825,"comment_status":"open","ping_status":"open","sticky":false,"template":"","format":"standard","meta":{"_crdt_document":"","footnotes":""},"categories":[1],"tags":[],"class_list":["post-57824","post","type-post","status-publish","format-standard","has-post-thumbnail","hentry","category-guncel"],"_links":{"self":[{"href":"https:\/\/www.egemtv.com\/index.php?rest_route=\/wp\/v2\/posts\/57824","targetHints":{"allow":["GET"]}}],"collection":[{"href":"https:\/\/www.egemtv.com\/index.php?rest_route=\/wp\/v2\/posts"}],"about":[{"href":"https:\/\/www.egemtv.com\/index.php?rest_route=\/wp\/v2\/types\/post"}],"author":[{"embeddable":true,"href":"https:\/\/www.egemtv.com\/index.php?rest_route=\/wp\/v2\/users\/1"}],"replies":[{"embeddable":true,"href":"https:\/\/www.egemtv.com\/index.php?rest_route=%2Fwp%2Fv2%2Fcomments&post=57824"}],"version-history":[{"count":1,"href":"https:\/\/www.egemtv.com\/index.php?rest_route=\/wp\/v2\/posts\/57824\/revisions"}],"predecessor-version":[{"id":57826,"href":"https:\/\/www.egemtv.com\/index.php?rest_route=\/wp\/v2\/posts\/57824\/revisions\/57826"}],"wp:featuredmedia":[{"embeddable":true,"href":"https:\/\/www.egemtv.com\/index.php?rest_route=\/wp\/v2\/media\/57825"}],"wp:attachment":[{"href":"https:\/\/www.egemtv.com\/index.php?rest_route=%2Fwp%2Fv2%2Fmedia&parent=57824"}],"wp:term":[{"taxonomy":"category","embeddable":true,"href":"https:\/\/www.egemtv.com\/index.php?rest_route=%2Fwp%2Fv2%2Fcategories&post=57824"},{"taxonomy":"post_tag","embeddable":true,"href":"https:\/\/www.egemtv.com\/index.php?rest_route=%2Fwp%2Fv2%2Ftags&post=57824"}],"curies":[{"name":"wp","href":"https:\/\/api.w.org\/{rel}","templated":true}]}}