{"id":57818,"date":"2025-09-28T09:35:49","date_gmt":"2025-09-28T06:35:49","guid":{"rendered":"https:\/\/www.egemtv.com\/?p=57818"},"modified":"2025-09-28T09:35:49","modified_gmt":"2025-09-28T06:35:49","slug":"sokede-kutlu-pamuklarda-kaliteyi-koruma-komisyonu-yeni-sezon-calismalarina-basladi","status":"publish","type":"post","link":"https:\/\/www.egemtv.com\/?p=57818","title":{"rendered":"S\u00f6ke\u2019de K\u00fctl\u00fc Pamuklarda Kaliteyi Koruma Komisyonu yeni sezon \u00e7al\u0131\u015fmalar\u0131na ba\u015flad\u0131"},"content":{"rendered":"<p>S\u00f6ke Ovas\u0131\u2019nda pamuk hasat sezonu ba\u015flarken K\u00fctl\u00fc Pamuklarda Kaliteyi Koruma \u0130l\u00e7e Komisyonu, 2025 y\u0131l\u0131 pamuk hasat d\u00f6nemine ili\u015fkin al\u0131nacak tedbirleri a\u00e7\u0131klad\u0131.<\/p>\n<p>S\u00f6ke Kaymakam\u0131 Ali Ak\u00e7a\u2019n\u0131n ba\u015fkanl\u0131\u011f\u0131nda yap\u0131lan toplant\u0131ya komisyon \u00fcyeleri Tar\u0131m ve Orman \u0130l\u00e7e M\u00fcd\u00fcr\u00fc Zeki Berhuni, S\u00f6ke Ziraat Odas\u0131 Ba\u015fkan\u0131 Mustafa Tanyeri, S\u00f6ke Ticaret Borsas\u0131 Ba\u015fkan\u0131 Ahmet Nejat Sa\u011fel ve Tari\u015f Pamuk Kooperatifi Y\u00f6netim Kurulu Ba\u015fkan\u0131 \u0130smail \u00d6zer kat\u0131ld\u0131.  Komisyon, pamuk hasad\u0131n\u0131n d\u00fczenli, sa\u011fl\u0131kl\u0131 ve kaliteli \u015fekilde y\u00fcr\u00fct\u00fclmesi i\u00e7in al\u0131nan kararlar\u0131 kamuoyuna a\u00e7\u0131klad\u0131. 1 Eyl\u00fcl 2025\u2019ten itibaren \u0130l\u00e7e Tar\u0131m M\u00fcd\u00fcrl\u00fc\u011f\u00fc personeli teknik ekiplerle birlikte sahada denetimlerin ba\u015flad\u0131\u011f\u0131 belirtildi. Hasat boyunca teknik ekipler taraf\u0131ndan d\u00fczenlenecek raporlar her hafta Cuma g\u00fcn\u00fc yap\u0131lacak toplant\u0131larda payla\u015f\u0131lacak. Makinal\u0131 Hasat Kontrolleri, kontrol ekiplerince, makineli hasat yap\u0131lan tarlalarda denetimler s\u0131k\u0131la\u015ft\u0131r\u0131lacak. Hasat s\u0131ras\u0131nda ya\u015fanabilecek olumsuzluklarda kontrol g\u00f6revlileri gerekli m\u00fcdahaleyi yapacak. Al\u0131nan kararlar\u0131n S\u00f6ke Belediyesi, mahalle muhtarl\u0131klar\u0131, jandarma, fabrikalar, \u00e7ift\u00e7i mallar\u0131n\u0131 koruma ba\u015fkanl\u0131\u011f\u0131 ve ilgili kurumlar arac\u0131l\u0131\u011f\u0131yla kamuoyuna duyurulaca\u011f\u0131 ifade edildi. Komisyon karar\u0131n\u0131n, S\u00f6ke\u2019de pamuk kalitesini korumak ve \u00fcretici ile sanayici aras\u0131ndaki i\u015fleyi\u015fi d\u00fczenlemek ad\u0131na oy birli\u011fiyle kabul edildi\u011fi a\u00e7\u0131kland\u0131.<br \/><\/p>\n","protected":false},"excerpt":{"rendered":"<p>S\u00f6ke Ovas\u0131\u2019nda pamuk hasat sezonu ba\u015flarken K\u00fctl\u00fc Pamuklarda Kaliteyi Koruma \u0130l\u00e7e Komisyonu, 2025 y\u0131l\u0131 pamuk hasat d\u00f6nemine ili\u015fkin al\u0131nacak tedbirleri a\u00e7\u0131klad\u0131. S\u00f6ke Kaymakam\u0131 Ali Ak\u00e7a\u2019n\u0131n ba\u015fkanl\u0131\u011f\u0131nda yap\u0131lan toplant\u0131ya komisyon \u00fcyeleri Tar\u0131m ve Orman \u0130l\u00e7e M\u00fcd\u00fcr\u00fc Zeki Berhuni, S\u00f6ke Ziraat Odas\u0131 Ba\u015fkan\u0131 Mustafa Tanyeri, S\u00f6ke Ticaret Borsas\u0131 Ba\u015fkan\u0131 Ahmet Nejat Sa\u011fel ve Tari\u015f Pamuk Kooperatifi Y\u00f6netim&#8230;<\/p>\n","protected":false},"author":1,"featured_media":57819,"comment_status":"open","ping_status":"open","sticky":false,"template":"","format":"standard","meta":{"_crdt_document":"","footnotes":""},"categories":[125],"tags":[],"class_list":["post-57818","post","type-post","status-publish","format-standard","has-post-thumbnail","hentry","category-ekonomi"],"_links":{"self":[{"href":"https:\/\/www.egemtv.com\/index.php?rest_route=\/wp\/v2\/posts\/57818","targetHints":{"allow":["GET"]}}],"collection":[{"href":"https:\/\/www.egemtv.com\/index.php?rest_route=\/wp\/v2\/posts"}],"about":[{"href":"https:\/\/www.egemtv.com\/index.php?rest_route=\/wp\/v2\/types\/post"}],"author":[{"embeddable":true,"href":"https:\/\/www.egemtv.com\/index.php?rest_route=\/wp\/v2\/users\/1"}],"replies":[{"embeddable":true,"href":"https:\/\/www.egemtv.com\/index.php?rest_route=%2Fwp%2Fv2%2Fcomments&post=57818"}],"version-history":[{"count":1,"href":"https:\/\/www.egemtv.com\/index.php?rest_route=\/wp\/v2\/posts\/57818\/revisions"}],"predecessor-version":[{"id":57820,"href":"https:\/\/www.egemtv.com\/index.php?rest_route=\/wp\/v2\/posts\/57818\/revisions\/57820"}],"wp:featuredmedia":[{"embeddable":true,"href":"https:\/\/www.egemtv.com\/index.php?rest_route=\/wp\/v2\/media\/57819"}],"wp:attachment":[{"href":"https:\/\/www.egemtv.com\/index.php?rest_route=%2Fwp%2Fv2%2Fmedia&parent=57818"}],"wp:term":[{"taxonomy":"category","embeddable":true,"href":"https:\/\/www.egemtv.com\/index.php?rest_route=%2Fwp%2Fv2%2Fcategories&post=57818"},{"taxonomy":"post_tag","embeddable":true,"href":"https:\/\/www.egemtv.com\/index.php?rest_route=%2Fwp%2Fv2%2Ftags&post=57818"}],"curies":[{"name":"wp","href":"https:\/\/api.w.org\/{rel}","templated":true}]}}