{"id":57815,"date":"2025-09-28T09:35:48","date_gmt":"2025-09-28T06:35:48","guid":{"rendered":"https:\/\/www.egemtv.com\/?p=57815"},"modified":"2025-09-28T09:35:49","modified_gmt":"2025-09-28T06:35:49","slug":"chp-genel-baskani-ozel-usak-belediyesi-ferdi-zeyrek-amfi-salonu-acilisina-katildi","status":"publish","type":"post","link":"https:\/\/www.egemtv.com\/?p=57815","title":{"rendered":"CHP Genel Ba\u015fkan\u0131 \u00d6zel, U\u015fak Belediyesi Ferdi Zeyrek Amfi Salonu a\u00e7\u0131l\u0131\u015f\u0131na kat\u0131ld\u0131"},"content":{"rendered":"<p>Cumhuriyet Halk Partisi Genel Ba\u015fkan\u0131 \u00d6zg\u00fcr \u00d6zel, yenilenen ve restore edilerek hizmete a\u00e7\u0131lan U\u015fak Belediyesi Ferdi Zeyrek Amfi Salonu\u2019nun a\u00e7\u0131l\u0131\u015f program\u0131na kat\u0131ld\u0131.<br \/>\n<br \/>Cumhuriyet Halk Partisi Genel Ba\u015fkan\u0131 \u00d6zg\u00fcr \u00d6zel, Belediye Ba\u015fkan\u0131 \u00d6zkan Yal\u0131m taraf\u0131ndan yenilen ve restore edilerek hizmete a\u00e7\u0131lan U\u015fak Belediyesi Ferdi Zeyrek Amfi Salonu\u2019nun a\u00e7\u0131l\u0131\u015f program\u0131na kat\u0131ld\u0131. A\u00e7\u0131l\u0131\u015fa, salonun ismini ta\u015f\u0131yan merhum Manisa B\u00fcy\u00fck\u015fehir Belediye Ba\u015fkan\u0131 Ferdi Zeyrek\u2019in e\u015fi Nurcan Zeyrek de kat\u0131ld\u0131.<br \/>\n<br \/>Program sayg\u0131 duru\u015fu ve \u0130stiklal Mar\u015f\u0131\u2019n\u0131n okunmas\u0131yla ba\u015flad\u0131. Daha sonra k\u00fcrs\u00fcye \u00e7\u0131kan Nurcan Zeyrek konu\u015fmas\u0131nda, &#8220;Bug\u00fcn g\u00f6r\u00fcyorum ki Ferdi\u2019nin hayalleri, idealleri Manisa\u2019y\u0131 a\u015f\u0131yor ve ya\u015famaya devam ediyor. Ve ben inan\u0131yorum ki Ferdi\u2019nin ad\u0131n\u0131n ya\u015fat\u0131ld\u0131\u011f\u0131 her tesiste etkinlikler yap\u0131ld\u0131k\u00e7a onun ruhu da orada olacakt\u0131r. Eme\u011fi ge\u00e7en herkese bir kez daha en i\u00e7ten te\u015fekk\u00fcrlerimi sunuyorum. Bu g\u00fczel tesisin U\u015fakl\u0131lara hay\u0131rl\u0131 olmas\u0131n\u0131 diliyorum. Hepinize sayg\u0131lar\u0131m\u0131 sunuyorum. Hepinizi sevgiyle kucakl\u0131yorum. \u00c7ok te\u015fekk\u00fcr ederim&#8221; ifadelerini kulland\u0131.<br \/>\n<br \/>Nurcan Zeyrek\u2019in konu\u015fmas\u0131n\u0131n ard\u0131ndan merhum Manisa B\u00fcy\u00fck\u015fehir Belediye Ba\u015fkan\u0131 Ferdi Zeyrek\u2019in an\u0131s\u0131na video g\u00f6sterimi oldu.<br \/>\n<br \/>Ard\u0131ndan konu\u015fma yapan Genel Ba\u015fkan \u00d6zel ise, &#8220;Bug\u00fcn burada bir amfi tiyatronun yeniden a\u00e7\u0131l\u0131\u015f\u0131n\u0131 yapaca\u011f\u0131z. Ancak Ferdi\u2019nin ad\u0131n\u0131 ta\u015f\u0131mas\u0131yla \u00e7ok anlaml\u0131. Ferdi Ba\u015fkan\u2019\u0131n ad\u0131n\u0131 T\u00fcrkiye\u2019de ta\u015f\u0131yan, sadece Manisa\u2019da de\u011fil T\u00fcrkiye\u2019de y\u00fczlerce belediyelerimiz hizmetler yap\u0131yorlar. Kent lokantalar\u0131, halk ekmek b\u00fcfeleri, kre\u015fler, \u00f6\u011frenci yurtlar\u0131na ismi veriliyor. Ama bug\u00fcn biraz \u00f6nce Nurcan karde\u015fimin de dikkat \u00e7ekti\u011fi gibi burada Ferdi\u2019nin ve benim bir ortak hayalimiz ger\u00e7ekle\u015fmi\u015fti. Bizim Ferdi ile en ortak yan\u0131m\u0131z \u015fuydu. Ayn\u0131 hayali kurabilmek, birbirinin hayalini payla\u015fabilmek ve o hayali ger\u00e7ekle\u015ftirmek i\u00e7in durmadan \u00e7al\u0131\u015fmak Ferdi ile bizim ortak yan\u0131m\u0131zd\u0131&#8221; dedi.<br \/>\n<br \/>\u00d6zel s\u00f6zlerine \u015f\u00f6yle devam etti: &#8220;Bug\u00fcn geldi\u011fimiz yerde bu 4 bin ki\u015fi kapasiteli amfi tiyatroya ismi verilmi\u015f. Tabii buran\u0131n daha \u00f6nceden 2002 y\u0131l\u0131nda daha \u00f6nceki belediye ba\u015fkan\u0131 s\u0131ras\u0131nda Ali Bey taraf\u0131ndan yap\u0131ld\u0131\u011f\u0131n\u0131 ve onun bu eseri buraya kazand\u0131rd\u0131\u011f\u0131n\u0131n hakk\u0131n\u0131 teslim edelim. Ama sonras\u0131nda \u00e7ok metruk bir halde kalm\u0131\u015ft\u0131. Ba\u015ftan a\u015fa\u011f\u0131 yenilendi ve Ferdi karde\u015fimin ad\u0131 verildi.&#8221;<br \/>\n<br \/>Ferdi Zeyrek ad\u0131na vak\u0131f kurulaca\u011f\u0131n\u0131 aktaran \u00d6zel, &#8220;Ferdi Zeyrek karde\u015fimi bir kez daha rahmetle, \u00f6zlemle, minnetle an\u0131yorum. Pazartesi g\u00fcn\u00fc sevgili Nurcan, Manisa\u2019daki bir lansmanla Ferdi Zeyrek Vakf\u0131\u2019n\u0131 hayata ge\u00e7irecek, tan\u0131t\u0131m\u0131n\u0131 yapacak. Ferdi Zeyrek\u2019in vefat\u0131nda biz ne yapabiliriz diyen herkesi Ferdi Zeyrek Vakf\u0131\u2019na destek olmaya, kimsesiz \u00e7ocuklar\u0131n okumas\u0131na, yoksullar\u0131n burs almas\u0131na katk\u0131 vermeye ve bu b\u00fcy\u00fck d\u00fcnyan\u0131n en iyi insan\u0131n\u0131n bu iyilik hareketini vak\u0131fta s\u00fcrd\u00fcrmeye devam edece\u011fiz. Hepinize sayg\u0131lar sunuyorum, iyi ki vars\u0131n\u0131z&#8221; diye konu\u015ftu.<br \/>\n<br \/>Konu\u015fmalar\u0131n ard\u0131ndan a\u00e7\u0131l\u0131\u015f kurdelesi kesilerek amfi tiyatro resm\u00ee olarak hizmete a\u00e7\u0131ld\u0131. Daha sonra hediye takdimleri ger\u00e7ekle\u015ftirildi.<br \/>\n<br \/>Program\u0131n\u0131n devam\u0131nda \u00d6zg\u00fcr \u00d6zel ve beraberindeki heyet, amfi tiyatro sahnesinde d\u00fczenlenen Faz\u0131l Say ve Serenad Ba\u011fcan konserine kat\u0131ld\u0131.<br \/><\/p>\n","protected":false},"excerpt":{"rendered":"<p>Cumhuriyet Halk Partisi Genel Ba\u015fkan\u0131 \u00d6zg\u00fcr \u00d6zel, yenilenen ve restore edilerek hizmete a\u00e7\u0131lan U\u015fak Belediyesi Ferdi Zeyrek Amfi Salonu\u2019nun a\u00e7\u0131l\u0131\u015f program\u0131na kat\u0131ld\u0131. Cumhuriyet Halk Partisi Genel Ba\u015fkan\u0131 \u00d6zg\u00fcr \u00d6zel, Belediye Ba\u015fkan\u0131 \u00d6zkan Yal\u0131m taraf\u0131ndan yenilen ve restore edilerek hizmete a\u00e7\u0131lan U\u015fak Belediyesi Ferdi Zeyrek Amfi Salonu\u2019nun a\u00e7\u0131l\u0131\u015f program\u0131na kat\u0131ld\u0131. A\u00e7\u0131l\u0131\u015fa, salonun ismini ta\u015f\u0131yan merhum Manisa&#8230;<\/p>\n","protected":false},"author":1,"featured_media":57816,"comment_status":"open","ping_status":"open","sticky":false,"template":"","format":"standard","meta":{"_crdt_document":"","footnotes":""},"categories":[127],"tags":[],"class_list":["post-57815","post","type-post","status-publish","format-standard","has-post-thumbnail","hentry","category-siyaset"],"_links":{"self":[{"href":"https:\/\/www.egemtv.com\/index.php?rest_route=\/wp\/v2\/posts\/57815","targetHints":{"allow":["GET"]}}],"collection":[{"href":"https:\/\/www.egemtv.com\/index.php?rest_route=\/wp\/v2\/posts"}],"about":[{"href":"https:\/\/www.egemtv.com\/index.php?rest_route=\/wp\/v2\/types\/post"}],"author":[{"embeddable":true,"href":"https:\/\/www.egemtv.com\/index.php?rest_route=\/wp\/v2\/users\/1"}],"replies":[{"embeddable":true,"href":"https:\/\/www.egemtv.com\/index.php?rest_route=%2Fwp%2Fv2%2Fcomments&post=57815"}],"version-history":[{"count":1,"href":"https:\/\/www.egemtv.com\/index.php?rest_route=\/wp\/v2\/posts\/57815\/revisions"}],"predecessor-version":[{"id":57817,"href":"https:\/\/www.egemtv.com\/index.php?rest_route=\/wp\/v2\/posts\/57815\/revisions\/57817"}],"wp:featuredmedia":[{"embeddable":true,"href":"https:\/\/www.egemtv.com\/index.php?rest_route=\/wp\/v2\/media\/57816"}],"wp:attachment":[{"href":"https:\/\/www.egemtv.com\/index.php?rest_route=%2Fwp%2Fv2%2Fmedia&parent=57815"}],"wp:term":[{"taxonomy":"category","embeddable":true,"href":"https:\/\/www.egemtv.com\/index.php?rest_route=%2Fwp%2Fv2%2Fcategories&post=57815"},{"taxonomy":"post_tag","embeddable":true,"href":"https:\/\/www.egemtv.com\/index.php?rest_route=%2Fwp%2Fv2%2Ftags&post=57815"}],"curies":[{"name":"wp","href":"https:\/\/api.w.org\/{rel}","templated":true}]}}