{"id":57812,"date":"2025-09-28T09:35:47","date_gmt":"2025-09-28T06:35:47","guid":{"rendered":"https:\/\/www.egemtv.com\/?p=57812"},"modified":"2025-09-28T09:35:47","modified_gmt":"2025-09-28T06:35:47","slug":"ogrencilerden-efelerdeki-akademilere-yogun-ilgi","status":"publish","type":"post","link":"https:\/\/www.egemtv.com\/?p=57812","title":{"rendered":"\u00d6\u011frencilerden Efeler\u2019deki akademilere yo\u011fun ilgi"},"content":{"rendered":"<p>Efeler\u2019de a\u00e7\u0131lan M\u00fczik ve Sanat, Bilim ve Spor Akademilerine \u00f6\u011frenciler ve veliler yo\u011fun ilgi g\u00f6sterirken, 34 bran\u015fta a\u00e7\u0131lan kurslar gelece\u011fin b\u00fct\u00fcnc\u00fcl bireylerini yeti\u015ftirmeyi hedefliyor.<\/p>\n<p>Efeler \u0130l\u00e7e Milli E\u011fitim M\u00fcd\u00fcrl\u00fc\u011f\u00fc b\u00fcnyesinde a\u00e7\u0131lan M\u00fczik ve Sanat, Bilim ve Spor Akademileri \u00f6\u011frencilerden ve velilerden b\u00fcy\u00fck ilgi g\u00f6rd\u00fc. \u00dc\u00e7 akademi kapsam\u0131nda 34 farkl\u0131 bran\u015fta d\u00fczenlenen kurslara ba\u015fvurular yo\u011fun \u015fekilde devam ediyor. Ba\u015fvurular i\u00e7in Efeler Ortaokulu ve Efeler Anadolu Lisesi\u2019nde olu\u015fturulan masalara gelen \u00f6\u011frenciler ve veliler, hem bilgi ald\u0131 hem de kay\u0131t i\u015flemlerini ger\u00e7ekle\u015ftirdi. Ba\u015fvuru alanlar\u0131n\u0131 ziyaret ederek \u00f6\u011frenciler ve velilerle sohbet eden Efeler \u0130l\u00e7e Milli E\u011fitim M\u00fcd\u00fcr\u00fc Hakan \u00d6zcan, g\u00f6sterilen ilgiden duydu\u011fu memnuniyeti dile getirdi. \u00d6zcan, yapt\u0131\u011f\u0131 a\u00e7\u0131klamada akademilerin \u00f6nemine de\u011finerek &#8220;T\u00fcrkiye Y\u00fczy\u0131l\u0131 Maarif Modeli, \u00f6\u011frencilerimizin yaln\u0131zca akademik de\u011fil; sanatsal, bilimsel ve sportif yeteneklerini de b\u00fct\u00fcnc\u00fcl bir yakla\u015f\u0131mla geli\u015ftirmeyi hedefler. \u00dc\u00e7 akademimizde 34 farkl\u0131 bran\u015fta a\u00e7t\u0131\u011f\u0131m\u0131z kurslara g\u00f6sterilen bu yo\u011fun ilgi, modelimizin ruhuna uygun ad\u0131mlar att\u0131\u011f\u0131m\u0131z\u0131n en g\u00fczel kan\u0131t\u0131d\u0131r. Bu kurslar sayesinde evlatlar\u0131m\u0131z, potansiyellerini ke\u015ffederek kendilerini gelece\u011fe b\u00fct\u00fcnc\u00fcl bireyler olarak haz\u0131rlama imkan\u0131 bulacakt\u0131r&#8221; dedi.<br \/><\/p>\n","protected":false},"excerpt":{"rendered":"<p>Efeler\u2019de a\u00e7\u0131lan M\u00fczik ve Sanat, Bilim ve Spor Akademilerine \u00f6\u011frenciler ve veliler yo\u011fun ilgi g\u00f6sterirken, 34 bran\u015fta a\u00e7\u0131lan kurslar gelece\u011fin b\u00fct\u00fcnc\u00fcl bireylerini yeti\u015ftirmeyi hedefliyor. Efeler \u0130l\u00e7e Milli E\u011fitim M\u00fcd\u00fcrl\u00fc\u011f\u00fc b\u00fcnyesinde a\u00e7\u0131lan M\u00fczik ve Sanat, Bilim ve Spor Akademileri \u00f6\u011frencilerden ve velilerden b\u00fcy\u00fck ilgi g\u00f6rd\u00fc. \u00dc\u00e7 akademi kapsam\u0131nda 34 farkl\u0131 bran\u015fta d\u00fczenlenen kurslara ba\u015fvurular yo\u011fun \u015fekilde&#8230;<\/p>\n","protected":false},"author":1,"featured_media":57813,"comment_status":"open","ping_status":"open","sticky":false,"template":"","format":"standard","meta":{"_crdt_document":"","footnotes":""},"categories":[1],"tags":[],"class_list":["post-57812","post","type-post","status-publish","format-standard","has-post-thumbnail","hentry","category-guncel"],"_links":{"self":[{"href":"https:\/\/www.egemtv.com\/index.php?rest_route=\/wp\/v2\/posts\/57812","targetHints":{"allow":["GET"]}}],"collection":[{"href":"https:\/\/www.egemtv.com\/index.php?rest_route=\/wp\/v2\/posts"}],"about":[{"href":"https:\/\/www.egemtv.com\/index.php?rest_route=\/wp\/v2\/types\/post"}],"author":[{"embeddable":true,"href":"https:\/\/www.egemtv.com\/index.php?rest_route=\/wp\/v2\/users\/1"}],"replies":[{"embeddable":true,"href":"https:\/\/www.egemtv.com\/index.php?rest_route=%2Fwp%2Fv2%2Fcomments&post=57812"}],"version-history":[{"count":1,"href":"https:\/\/www.egemtv.com\/index.php?rest_route=\/wp\/v2\/posts\/57812\/revisions"}],"predecessor-version":[{"id":57814,"href":"https:\/\/www.egemtv.com\/index.php?rest_route=\/wp\/v2\/posts\/57812\/revisions\/57814"}],"wp:featuredmedia":[{"embeddable":true,"href":"https:\/\/www.egemtv.com\/index.php?rest_route=\/wp\/v2\/media\/57813"}],"wp:attachment":[{"href":"https:\/\/www.egemtv.com\/index.php?rest_route=%2Fwp%2Fv2%2Fmedia&parent=57812"}],"wp:term":[{"taxonomy":"category","embeddable":true,"href":"https:\/\/www.egemtv.com\/index.php?rest_route=%2Fwp%2Fv2%2Fcategories&post=57812"},{"taxonomy":"post_tag","embeddable":true,"href":"https:\/\/www.egemtv.com\/index.php?rest_route=%2Fwp%2Fv2%2Ftags&post=57812"}],"curies":[{"name":"wp","href":"https:\/\/api.w.org\/{rel}","templated":true}]}}