{"id":57809,"date":"2025-09-27T23:54:59","date_gmt":"2025-09-27T20:54:59","guid":{"rendered":"https:\/\/www.egemtv.com\/?p=57809"},"modified":"2025-09-27T23:55:00","modified_gmt":"2025-09-27T20:55:00","slug":"kibyra-antik-kentinde-anjelika-akbarin-piyano-resitali","status":"publish","type":"post","link":"https:\/\/www.egemtv.com\/?p=57809","title":{"rendered":"Kibyra Antik Kenti\u2019nde Anjelika Akbar\u2019\u0131n piyano resitali"},"content":{"rendered":"<p>Burdur\u2019un G\u00f6lhisar il\u00e7esindeki Kibyra Antik Kenti, tarihi atmosferinde k\u00fclt\u00fcr ve sanatseverleri bulu\u015fturan unutulmaz bir etkinli\u011fe ev sahipli\u011fi yapt\u0131.<br \/>\n<br \/>Burdur Valili\u011fi koordinasyonunda ve Antalya Olgunla\u015fma Enstit\u00fcs\u00fc katk\u0131lar\u0131yla d\u00fczenlenen etkinlikte, Burdur\u2019un kadim \u00e7eyiz k\u00fclt\u00fcr\u00fc ve el nak\u0131\u015flar\u0131 sergilenirken, \u0130becik ve alaca dokumalar sergilendi. Kibyra Antik Kenti\u2019nin Medusa mozai\u011finde d\u00fczenlenen Anjelika Akbar\u2019\u0131n piyano resitali izleyicilerden tam not ald\u0131.<\/p>\n<p>&#8220;41 farkl\u0131 geleneksel k\u0131yafeti ara\u015ft\u0131rarak bu defilede sunduk&#8221;<br \/>\n<br \/>Sergi i\u00e7in gece g\u00fcnd\u00fcz \u00e7al\u0131\u015ft\u0131klar\u0131n\u0131 ifade eden Antalya Olgunla\u015fma Enstit\u00fcs\u00fc M\u00fcd\u00fcr\u00fc Emine Erkal, &#8220;38 y\u0131ld\u0131r Teke b\u00f6lgesinin k\u00fclt\u00fcrel miras\u0131n\u0131 ara\u015ft\u0131r\u0131yor, ortaya \u00e7\u0131kard\u0131\u011f\u0131m\u0131z eserleri hem T\u00fcrkiye\u2019de hem de yurt d\u0131\u015f\u0131nda sergiliyoruz. \u0130lk kez Burdur\u2019da b\u00f6yle bir organizasyonda yer almaktan onur duyuyoruz. Burdur y\u00f6resine ait 41 farkl\u0131 geleneksel k\u0131yafeti ara\u015ft\u0131rarak bu defilede sunduk. 1800\u2019lerin sonu ve 1900\u2019lerin ba\u015f\u0131na tarihlenen Burdur gelinli\u011fi de orijinal haliyle sergilendi. Nak\u0131\u015f ve g\u00fcm\u00fc\u015f i\u015fleme at\u00f6lyelerimizdeki \u00fcr\u00fcnler, b\u00f6lgenin k\u00fclt\u00fcrel miras\u0131n\u0131 g\u00f6zler \u00f6n\u00fcne seriyor&#8221; dedi.<\/p>\n<p>&#8220;Sanatseverleri bulu\u015fturma noktas\u0131nda bir etkinlik d\u00fczenlemi\u015f olduk&#8221;<br \/>\n<br \/>Burdur Valisi T\u00fclay Baydar Bilgihan ise tarih tutkunlar\u0131yla bir araya geldiklerini belirterek, &#8220;Hem bir piyano resitali hem G\u00f6lhisar\u2019\u0131n b\u00fct\u00fcn ayn\u0131 zamanda zenginliklerini g\u00f6rsellerle, resimlerle, ayn\u0131 zamanda defilelerle, izleyicilerle buraya gelen sanatseverlerle bulu\u015fturma noktas\u0131nda bir etkinlik d\u00fczenlemi\u015f olduk. Tabii ki yaz boyunca d\u00fczenledi\u011fimiz pek \u00e7ok etkinlik vard\u0131. Sanatsal etkinlikler, do\u011fa turizmine d\u00f6n\u00fck etkinlikler. G\u00f6lhisar ve Kibyra bizim i\u00e7in ayr\u0131ca \u00e7ok anlaml\u0131. Dolay\u0131s\u0131yla bu etkinliklerin i\u00e7erisinde buray\u0131 atlamak olmazd\u0131. Bu ak\u015fam \u00e7ok g\u00fczel bir piyano resitali dinleyece\u011fiz. \u0130n\u015fallah devam\u0131 gelsin, etkinliklerimiz devam etsin. Bug\u00fcn alan\u0131m\u0131z kapasite dolay\u0131s\u0131yla belki herkesi kucaklamaya yetmedi. G\u00f6nl\u00fcm\u00fcz herkese a\u00e7\u0131k. \u0130n\u015fallah \u00f6n\u00fcm\u00fczdeki sene stadyumdaki, ayn\u0131 zamanda arenadaki \u00e7al\u0131\u015fmalarla, in\u015fallah daha \u00e7ok izleyiciyi daha \u00e7ok tarih severleri burada a\u011f\u0131rlama imkan\u0131m\u0131z olacak. B\u00fct\u00fcn herkese kat\u0131l\u0131mlar\u0131ndan dolay\u0131 te\u015fekk\u00fcr ediyorum&#8221; \u015feklinde konu\u015ftu.<br \/><\/p>\n","protected":false},"excerpt":{"rendered":"<p>Burdur\u2019un G\u00f6lhisar il\u00e7esindeki Kibyra Antik Kenti, tarihi atmosferinde k\u00fclt\u00fcr ve sanatseverleri bulu\u015fturan unutulmaz bir etkinli\u011fe ev sahipli\u011fi yapt\u0131. Burdur Valili\u011fi koordinasyonunda ve Antalya Olgunla\u015fma Enstit\u00fcs\u00fc katk\u0131lar\u0131yla d\u00fczenlenen etkinlikte, Burdur\u2019un kadim \u00e7eyiz k\u00fclt\u00fcr\u00fc ve el nak\u0131\u015flar\u0131 sergilenirken, \u0130becik ve alaca dokumalar sergilendi. Kibyra Antik Kenti\u2019nin Medusa mozai\u011finde d\u00fczenlenen Anjelika Akbar\u2019\u0131n piyano resitali izleyicilerden tam not ald\u0131&#8230;.<\/p>\n","protected":false},"author":1,"featured_media":57810,"comment_status":"open","ping_status":"open","sticky":false,"template":"","format":"standard","meta":{"_crdt_document":"","footnotes":""},"categories":[1],"tags":[],"class_list":["post-57809","post","type-post","status-publish","format-standard","has-post-thumbnail","hentry","category-guncel"],"_links":{"self":[{"href":"https:\/\/www.egemtv.com\/index.php?rest_route=\/wp\/v2\/posts\/57809","targetHints":{"allow":["GET"]}}],"collection":[{"href":"https:\/\/www.egemtv.com\/index.php?rest_route=\/wp\/v2\/posts"}],"about":[{"href":"https:\/\/www.egemtv.com\/index.php?rest_route=\/wp\/v2\/types\/post"}],"author":[{"embeddable":true,"href":"https:\/\/www.egemtv.com\/index.php?rest_route=\/wp\/v2\/users\/1"}],"replies":[{"embeddable":true,"href":"https:\/\/www.egemtv.com\/index.php?rest_route=%2Fwp%2Fv2%2Fcomments&post=57809"}],"version-history":[{"count":1,"href":"https:\/\/www.egemtv.com\/index.php?rest_route=\/wp\/v2\/posts\/57809\/revisions"}],"predecessor-version":[{"id":57811,"href":"https:\/\/www.egemtv.com\/index.php?rest_route=\/wp\/v2\/posts\/57809\/revisions\/57811"}],"wp:featuredmedia":[{"embeddable":true,"href":"https:\/\/www.egemtv.com\/index.php?rest_route=\/wp\/v2\/media\/57810"}],"wp:attachment":[{"href":"https:\/\/www.egemtv.com\/index.php?rest_route=%2Fwp%2Fv2%2Fmedia&parent=57809"}],"wp:term":[{"taxonomy":"category","embeddable":true,"href":"https:\/\/www.egemtv.com\/index.php?rest_route=%2Fwp%2Fv2%2Fcategories&post=57809"},{"taxonomy":"post_tag","embeddable":true,"href":"https:\/\/www.egemtv.com\/index.php?rest_route=%2Fwp%2Fv2%2Ftags&post=57809"}],"curies":[{"name":"wp","href":"https:\/\/api.w.org\/{rel}","templated":true}]}}