{"id":57806,"date":"2025-09-27T22:15:46","date_gmt":"2025-09-27T19:15:46","guid":{"rendered":"https:\/\/www.egemtv.com\/?p=57806"},"modified":"2025-09-27T22:15:47","modified_gmt":"2025-09-27T19:15:47","slug":"ege-dostluk-basketbol-turnuvasi-sona-erdi","status":"publish","type":"post","link":"https:\/\/www.egemtv.com\/?p=57806","title":{"rendered":"Ege Dostluk Basketbol Turnuvas\u0131 sona erdi"},"content":{"rendered":"<p>Mu\u011fla\u2019n\u0131n Dat\u00e7a il\u00e7esi ev sahipli\u011finde ger\u00e7ekle\u015ftirilen Ege Dostluk Basketbol Turnuvas\u0131, d\u00fczenlenen kupa t\u00f6reni ile sona erdi.<br \/>\n<br \/>Yunanistan\u2019\u0131n Kos ve Kalimnos kentleri ile Mu\u011fla ve Denizli illerinden gelen tak\u0131mlar\u0131n m\u00fccadele etti\u011fi Ege Dostluk Basketbol Turnuvas\u0131, Dat\u00e7a il\u00e7esinde ger\u00e7ekle\u015ftirildi. \u0130ki g\u00fcn s\u00fcren turnuvada parkeye \u00e7\u0131kan k\u0131z ve erkek tak\u0131mlar\u0131 galibiyet i\u00e7in m\u00fccadele etti. K\u0131yas\u0131ya rekabetin yan\u0131 s\u0131ra renkli g\u00f6r\u00fcnt\u00fclerin de ya\u015fand\u0131\u011f\u0131 turnuva boyunca \u2019dostluk\u2019 vurgusu yap\u0131ld\u0131. Ege\u2019nin iki yakas\u0131ndan gelen tak\u0131mlar\u0131n m\u00fccadele etti\u011fi turnuva, d\u00fczenlenen kupa t\u00f6reni ile sona erdi. Atat\u00fcrk Kapal\u0131 Spor Salonu\u2019nda ger\u00e7ekle\u015fen m\u00fcsabakalar\u0131n ard\u0131ndan turnuvaya kat\u0131lan tak\u0131mlara madalya ve kupalar\u0131 takdim edildi. Kalimnos Belediye Ba\u015fkan\u0131\u2019n\u0131n da kat\u0131ld\u0131\u011f\u0131 kupa t\u00f6reni sonras\u0131nda turnuva co\u015fkuyla sona ererken T\u00fcrkiye-Yunanistan aras\u0131nda dostluk k\u00f6pr\u00fcs\u00fc kuruldu.<br \/><\/p>\n","protected":false},"excerpt":{"rendered":"<p>Mu\u011fla\u2019n\u0131n Dat\u00e7a il\u00e7esi ev sahipli\u011finde ger\u00e7ekle\u015ftirilen Ege Dostluk Basketbol Turnuvas\u0131, d\u00fczenlenen kupa t\u00f6reni ile sona erdi. Yunanistan\u2019\u0131n Kos ve Kalimnos kentleri ile Mu\u011fla ve Denizli illerinden gelen tak\u0131mlar\u0131n m\u00fccadele etti\u011fi Ege Dostluk Basketbol Turnuvas\u0131, Dat\u00e7a il\u00e7esinde ger\u00e7ekle\u015ftirildi. \u0130ki g\u00fcn s\u00fcren turnuvada parkeye \u00e7\u0131kan k\u0131z ve erkek tak\u0131mlar\u0131 galibiyet i\u00e7in m\u00fccadele etti. K\u0131yas\u0131ya rekabetin yan\u0131 s\u0131ra&#8230;<\/p>\n","protected":false},"author":1,"featured_media":57807,"comment_status":"open","ping_status":"open","sticky":false,"template":"","format":"standard","meta":{"_crdt_document":"","footnotes":""},"categories":[4],"tags":[],"class_list":["post-57806","post","type-post","status-publish","format-standard","has-post-thumbnail","hentry","category-spor"],"_links":{"self":[{"href":"https:\/\/www.egemtv.com\/index.php?rest_route=\/wp\/v2\/posts\/57806","targetHints":{"allow":["GET"]}}],"collection":[{"href":"https:\/\/www.egemtv.com\/index.php?rest_route=\/wp\/v2\/posts"}],"about":[{"href":"https:\/\/www.egemtv.com\/index.php?rest_route=\/wp\/v2\/types\/post"}],"author":[{"embeddable":true,"href":"https:\/\/www.egemtv.com\/index.php?rest_route=\/wp\/v2\/users\/1"}],"replies":[{"embeddable":true,"href":"https:\/\/www.egemtv.com\/index.php?rest_route=%2Fwp%2Fv2%2Fcomments&post=57806"}],"version-history":[{"count":1,"href":"https:\/\/www.egemtv.com\/index.php?rest_route=\/wp\/v2\/posts\/57806\/revisions"}],"predecessor-version":[{"id":57808,"href":"https:\/\/www.egemtv.com\/index.php?rest_route=\/wp\/v2\/posts\/57806\/revisions\/57808"}],"wp:featuredmedia":[{"embeddable":true,"href":"https:\/\/www.egemtv.com\/index.php?rest_route=\/wp\/v2\/media\/57807"}],"wp:attachment":[{"href":"https:\/\/www.egemtv.com\/index.php?rest_route=%2Fwp%2Fv2%2Fmedia&parent=57806"}],"wp:term":[{"taxonomy":"category","embeddable":true,"href":"https:\/\/www.egemtv.com\/index.php?rest_route=%2Fwp%2Fv2%2Fcategories&post=57806"},{"taxonomy":"post_tag","embeddable":true,"href":"https:\/\/www.egemtv.com\/index.php?rest_route=%2Fwp%2Fv2%2Ftags&post=57806"}],"curies":[{"name":"wp","href":"https:\/\/api.w.org\/{rel}","templated":true}]}}