{"id":57803,"date":"2025-09-27T21:44:09","date_gmt":"2025-09-27T18:44:09","guid":{"rendered":"https:\/\/www.egemtv.com\/?p=57803"},"modified":"2025-09-27T21:44:10","modified_gmt":"2025-09-27T18:44:10","slug":"ozel-itirafcinin-arkasinda-bozuk-tohumun-babasi-melih-gokcek-var","status":"publish","type":"post","link":"https:\/\/www.egemtv.com\/?p=57803","title":{"rendered":"\u00d6zel: &#8220;\u0130tiraf\u00e7\u0131n\u0131n arkas\u0131nda bozuk tohumun babas\u0131 Melih G\u00f6k\u00e7ek var&#8221;"},"content":{"rendered":"<p>CHP Genel Ba\u015fkan\u0131 \u00d6zg\u00fcr \u00d6zel, Ankara B\u00fcy\u00fck\u015fehir Belediyesine yap\u0131lan yolsuzluk operasyonu \u00fczerinden Melik G\u00f6k\u00e7ek\u2019e ve \u2019bozuk tohum\u2019 diyerek o\u011flu Osman G\u00f6k\u00e7ek\u2019e y\u00fcklenerek, &#8220;G\u00fcya konserde usuls\u00fczl\u00fck var diyerek iftira atm\u0131\u015flar. Say\u0131\u015ftay gelip denetlemi\u015f kusur g\u00f6rmemi\u015f, Mansur Ba\u015fkan denetim yapm\u0131\u015f kusur bulamam\u0131\u015f, bir ki\u015fiyle ilgili kusur bulmu\u015f ve Melih G\u00f6k\u00e7ek d\u00f6neminde i\u015fe al\u0131nm\u0131\u015f bir memur. Bu ki\u015fiyi itiraf\u00e7\u0131 yapm\u0131\u015flar etraf\u0131ndakilere kara \u00e7al\u0131yor. Bunun \u00fczerinden tertemiz ki\u015fileri su\u00e7luyorlar&#8221; dedi.<br \/>\n<br \/>Cumhuriyet Halk Partisi (CHP) Genel Ba\u015fkan\u0131 \u00d6zg\u00fcr \u00d6zel, Afyonkarahisar\u2019da vatanda\u015flara seslendi. Zafer Meydan\u0131\u2019nda se\u00e7im otob\u00fcs\u00fc \u00fczerinden konu\u015fan \u00d6zel\u2019e genel ba\u015fkan yard\u0131mc\u0131lar\u0131, parti merkez y\u00fcr\u00fctme kurulu \u00fcyeleri ile Afyonkarahisar Belediye Ba\u015fkan\u0131 Burcu K\u00f6ksal e\u015flik etti.<br \/>\n<br \/>\u00d6zel konu\u015fmas\u0131nda, \u00f6nce Afyonkarahisar\u2019da kazand\u0131klar\u0131 belediye ba\u015fkanl\u0131\u011f\u0131 ile ilgili konu\u015ftu. \u00d6zel, &#8220;1950\u2019den beri Afyon\u2019da belediye se\u00e7imleri yap\u0131l\u0131yor, tam 15 defa \u015fehrin kime emanet edilece\u011fine Afyon karar verdi. 15 defa kaybettik ama Afyon\u2019a k\u00fcsmedik. Sabrettik, \u00e7al\u0131\u015ft\u0131k ve hatay\u0131 kendimizde arad\u0131k, Afyon\u2019un \u00f6n\u00fcne koyduk ve se\u00e7imleri kazand\u0131k. Benim karde\u015fim ve eski parti Gurup Ba\u015fkan Vekilim Burcu K\u00f6ksal. Se\u00e7imde iki ki\u015fiden birinin oyunu alarak se\u00e7ildi. Ba\u015fkan\u0131m\u0131z 18 ayd\u0131r \u00e7al\u0131\u015f\u0131yor aral\u0131ks\u0131z. Aday yapt\u0131\u011f\u0131m\u0131zda ilk ben inand\u0131m kazanaca\u011f\u0131na ve ba\u015far\u0131l\u0131 olaca\u011f\u0131na buna siz de inand\u0131n\u0131z. K\u0131s\u0131tl\u0131 imkanlar ve bor\u00e7la bir\u00e7ok yat\u0131r\u0131m\u0131 yapan Burcu Ba\u015fkan\u2019a helal olsun. Burcu \u00e7al\u0131\u015f\u0131yor ama iktidar Afyon\u2019u unuttu. Eber G\u00f6l\u00fc kurudu, Zafer Havaliman\u0131 her y\u0131l zarar ediyor bu sene 220 milyon TL u\u00e7mayan yolcu i\u00e7in \u00f6deme yapt\u0131lar. O para Afyon\u2019da Burcu\u2019da olsa ne hizmetlere d\u00f6n\u00fc\u015f\u00fcr&#8221; dedi.<\/p>\n<p>&#8220;CHP T\u00fcrkiye\u2019nin birinci partisi&#8221;<br \/>\n<br \/>Konu\u015fmas\u0131nda ekonomide ya\u015fanan s\u0131k\u0131nt\u0131lara da de\u011finen CHP Genel Ba\u015fkan\u0131 \u00d6zg\u00fcr \u00d6zel \u015funlar\u0131 s\u00f6yledi:<br \/>\n<br \/>&#8220;Milletin huzur ve refah\u0131n\u0131 feda ediyorlar. Bug\u00fcn 1 gram alt\u0131n 5 bin TL\u2019yi ge\u00e7ti. 23 y\u0131l \u00f6nce emekli maa\u015f\u0131 ile 8 \u00e7eyrek al\u0131n\u0131yordu, en d\u00fc\u015f\u00fck emekli ayl\u0131\u011f\u0131yla 3 \u00e7eyrek alt\u0131n al\u0131n\u0131yordu. Asgari \u00fccretli 7 \u00e7eyrek al\u0131yordu, asgari \u00fccret bug\u00fcn 22 bin TL gibi a\u00e7l\u0131k s\u0131n\u0131r\u0131n\u0131n alt\u0131nda yani hi\u00e7 ili\u015fmeseler emek\u00e7iye dokunmasalar 50 bin TL alacaklard\u0131. Asgari \u00fccretli Erdo\u011fan\u2019dan kurtulursan asgari \u00fccret 50 bin, emekli maa\u015f\u0131n 56 bin TL olur. Herkes hesab\u0131 b\u00f6yle yaps\u0131n. Memur ayda 9 \u00e7eyrek alt\u0131n kaybetmi\u015f. \u00d6\u011frenciler burs \u00fccreti olarak gram alt\u0131n\u0131n yar\u0131s\u0131 tutarlar\u0131n\u0131 al\u0131yor. Bunlardan \u00f6nce \u00f6\u011frenci bursu 1,5 \u00e7eyrek alt\u0131n al\u0131yordu. \u0130ktidar asgari \u00fccretliye, emekliye, \u00f6\u011frenciye ve \u00e7ift\u00e7iye iyi gelmedi. Bu iktidar sadece ve sadece yanda\u015fa, zengine iyi gelen bir iktidard\u0131r. Bu memlekette y\u00fczde 20 olan zengin gelirin y\u00fczde 90\u2019n\u0131n\u0131, geri kalan y\u00fczde 90\u2019san ise y\u00fczde 10\u2019nu al\u0131yor. Kimsesizlerin kimsesi olmaya geliyoruz. Emeklinin partisi CHP\u2019dir. Asgari \u00fccretlinin partisi CHP\u2019dir. \u00d6\u011frencinin ve \u00e7ift\u00e7ilerin partisi CHP\u2019dir. CHP T\u00fcrkiye\u2019nin birinci partisi.&#8221;<\/p>\n<p>&#8220;Onun arkas\u0131nda da bozuk tohumun babas\u0131 var&#8221;<br \/>\n<br \/>Konu\u015fmas\u0131nda Ankara B\u00fcy\u00fck\u015fehir Belediyesi\u2019ne kar\u015f\u0131 yap\u0131lan operasyonlara de\u011finen \u00d6zel, &#8220;Mansur Ba\u015fkan\u0131m\u0131za sald\u0131r\u0131 ba\u015flatt\u0131lar. \u00d6ncelikle \u015funu s\u00f6yleyeyim Ekrem Ba\u015fkan da Mansur Ba\u015fkan da bu milletin g\u00f6nl\u00fcnde yer tutmu\u015f bu milletin inand\u0131\u011f\u0131 tertemiz insanlard\u0131r. Onlar\u0131 kimseye kurban etmeyiz, arkalar\u0131nda millet vard\u0131r. G\u00fcya konserde usuls\u00fczl\u00fck var diyerek iftara atm\u0131\u015flar. Say\u0131\u015ftay gelip denetlemi\u015f kusur g\u00f6rmemi\u015f, Mansur Ba\u015fkan denetim yapm\u0131\u015f kusur bulamam\u0131\u015f, bir ki\u015fiyle ilgili kusur bulmu\u015f ve Melih G\u00f6k\u00e7ek d\u00f6neminde i\u015fe al\u0131nm\u0131\u015f bir memur. Bu ki\u015fiyi itiraf\u00e7\u0131 yapm\u0131\u015flar etraf\u0131ndakilere kara \u00e7al\u0131yor. Onun arkas\u0131nda da bozuk tohumun babas\u0131 var. \u0130ftira att\u0131\u011f\u0131 ki\u015finin hesab\u0131nda bir kuru\u015f yok sadece bu iftirac\u0131da var. Bunun \u00fczerinden tertemiz ki\u015fileri su\u00e7luyorlar. Hi\u00e7bir su\u00e7lamayla tutuklama yapamad\u0131klar\u0131 i\u00e7in son anda zimmet su\u00e7u \u015f\u00fcphesi yazm\u0131\u015flar. Zimmet olsa para olur ama tertemiz insanlara iftira at\u0131p Mansur Yava\u015f\u2019a uzanmaya \u00e7al\u0131\u015f\u0131yorlar. Mansur Ba\u015fkana uzanan o kirli elleri bu millet k\u0131rar&#8221; diye konu\u015ftu.<\/p>\n<p>&#8220;Adalet bozuk tohum ve babas\u0131na kald\u0131ysa adalet yand\u0131 demektir&#8221;<br \/>\n<br \/>Konu\u015fmas\u0131nda \u2019bozuk tohum\u2019 diyerek Melih G\u00f6k\u00e7ek\u2019in o\u011flu Osman G\u00f6k\u00e7ek\u2019e y\u00fcklenmeye devam eden \u00d6zel, &#8220;Bozuk tohumun babas\u0131n\u0131n 97 yolsuzluk dosyas\u0131 var kapa\u011f\u0131n\u0131 a\u00e7\u0131p bakan yok, Mansur Ba\u015fkan gibi namus timsaline iftira at\u0131yorlar. 8 saat \u00f6nceden operasyonu duymu\u015f demek ki neymi\u015f bu operasyon tamamen siyasiymi\u015f. Bozuk tohumun kanal\u0131ndan ikinci dalga gelecek ve 30 ki\u015fi al\u0131nacak diyorlar. Buradan Ankara Adliyesi\u2019nin namuslu hakim ve savc\u0131lar\u0131na sesleniyorum, bu bilgilerin onda ne i\u015fi var. Adalet bozuk tohum ve babas\u0131na kald\u0131ysa adalet yand\u0131 demektir. Bak\u0131n AK Parti d\u00f6neminde 5 y\u0131lda 80 etkinli\u011fe o g\u00fcnk\u00fc parayla 33 milyon vermi\u015fler. Mansur Yava\u015f d\u00f6neminde 420 etkinli\u011fe bug\u00fcnk\u00fc parayla 30 milyon verilmi\u015f. Bozuk tohumun babas\u0131 ayn\u0131 paraya 80 etkinlik yapm\u0131\u015f bizimkiler 5 kat\u0131 etkinlik yapm\u0131\u015f. Havuduyla g\u00f6t\u00fcrenlere AK Partili diye seslenmeyeceksiniz \u00f6yle mi yaz\u0131klar olsun bu adalete&#8221; dedi.<br \/><\/p>\n","protected":false},"excerpt":{"rendered":"<p>CHP Genel Ba\u015fkan\u0131 \u00d6zg\u00fcr \u00d6zel, Ankara B\u00fcy\u00fck\u015fehir Belediyesine yap\u0131lan yolsuzluk operasyonu \u00fczerinden Melik G\u00f6k\u00e7ek\u2019e ve \u2019bozuk tohum\u2019 diyerek o\u011flu Osman G\u00f6k\u00e7ek\u2019e y\u00fcklenerek, &#8220;G\u00fcya konserde usuls\u00fczl\u00fck var diyerek iftira atm\u0131\u015flar. Say\u0131\u015ftay gelip denetlemi\u015f kusur g\u00f6rmemi\u015f, Mansur Ba\u015fkan denetim yapm\u0131\u015f kusur bulamam\u0131\u015f, bir ki\u015fiyle ilgili kusur bulmu\u015f ve Melih G\u00f6k\u00e7ek d\u00f6neminde i\u015fe al\u0131nm\u0131\u015f bir memur. Bu ki\u015fiyi&#8230;<\/p>\n","protected":false},"author":1,"featured_media":57804,"comment_status":"open","ping_status":"open","sticky":false,"template":"","format":"standard","meta":{"_crdt_document":"","footnotes":""},"categories":[127],"tags":[],"class_list":["post-57803","post","type-post","status-publish","format-standard","has-post-thumbnail","hentry","category-siyaset"],"_links":{"self":[{"href":"https:\/\/www.egemtv.com\/index.php?rest_route=\/wp\/v2\/posts\/57803","targetHints":{"allow":["GET"]}}],"collection":[{"href":"https:\/\/www.egemtv.com\/index.php?rest_route=\/wp\/v2\/posts"}],"about":[{"href":"https:\/\/www.egemtv.com\/index.php?rest_route=\/wp\/v2\/types\/post"}],"author":[{"embeddable":true,"href":"https:\/\/www.egemtv.com\/index.php?rest_route=\/wp\/v2\/users\/1"}],"replies":[{"embeddable":true,"href":"https:\/\/www.egemtv.com\/index.php?rest_route=%2Fwp%2Fv2%2Fcomments&post=57803"}],"version-history":[{"count":1,"href":"https:\/\/www.egemtv.com\/index.php?rest_route=\/wp\/v2\/posts\/57803\/revisions"}],"predecessor-version":[{"id":57805,"href":"https:\/\/www.egemtv.com\/index.php?rest_route=\/wp\/v2\/posts\/57803\/revisions\/57805"}],"wp:featuredmedia":[{"embeddable":true,"href":"https:\/\/www.egemtv.com\/index.php?rest_route=\/wp\/v2\/media\/57804"}],"wp:attachment":[{"href":"https:\/\/www.egemtv.com\/index.php?rest_route=%2Fwp%2Fv2%2Fmedia&parent=57803"}],"wp:term":[{"taxonomy":"category","embeddable":true,"href":"https:\/\/www.egemtv.com\/index.php?rest_route=%2Fwp%2Fv2%2Fcategories&post=57803"},{"taxonomy":"post_tag","embeddable":true,"href":"https:\/\/www.egemtv.com\/index.php?rest_route=%2Fwp%2Fv2%2Ftags&post=57803"}],"curies":[{"name":"wp","href":"https:\/\/api.w.org\/{rel}","templated":true}]}}