{"id":57800,"date":"2025-09-27T20:54:46","date_gmt":"2025-09-27T17:54:46","guid":{"rendered":"https:\/\/www.egemtv.com\/?p=57800"},"modified":"2025-09-27T20:54:47","modified_gmt":"2025-09-27T17:54:47","slug":"incirliovada-silahli-saldiri-2-yarali","status":"publish","type":"post","link":"https:\/\/www.egemtv.com\/?p=57800","title":{"rendered":"\u0130ncirliova\u2019da silahl\u0131 sald\u0131r\u0131: 2 yaral\u0131"},"content":{"rendered":"<p>Ayd\u0131n\u2019\u0131n \u0130ncirliova il\u00e7esinde, alacak verecek meselesi nedeniyle \u00e7\u0131kan silahl\u0131 sald\u0131r\u0131da 2 ki\u015fi yaraland\u0131. Yaral\u0131lar\u0131n olayla ilgisi olmayan sivil vatanda\u015flar oldu\u011fu \u00f6\u011frenildi. Sald\u0131rgan ise olay yerinden ka\u00e7arak izini kaybettirdi.<\/p>\n<p>Olay, saat 18.00 s\u0131ralar\u0131nda \u0130ncirliova il\u00e7esi H\u00fcrriyet Mahallesi\u2019nde meydana geldi. \u0130ddiaya g\u00f6re Erol B., aralar\u0131nda alacak verecek meselesi bulunan Ekrem B.\u2019nin bir kahvehanede bulundu\u011funu \u00f6\u011frenince, ara\u00e7la olay yerine geldi. Kahvehane \u00f6n\u00fcne gelen Erol B., tabancayla rastgele ate\u015f a\u00e7t\u0131. Sald\u0131r\u0131 s\u0131ras\u0131nda kahveye yak\u0131n bir noktada bulunan market sahibi Mehmet G. ile markette al\u0131\u015fveri\u015f yapan m\u00fc\u015fteri Erkan \u015e. kur\u015funlar\u0131n hedefi oldu. Olayla ilgisi olmayan her iki ki\u015fi de v\u00fccutlar\u0131n\u0131n \u00e7e\u015fitli yerlerinden yaraland\u0131. \u0130hbar \u00fczerine b\u00f6lgeye \u00e7ok say\u0131da polis ve sa\u011fl\u0131k ekibi sevk edildi. \u0130lk m\u00fcdahaleleri olay yerinde yap\u0131lan yaral\u0131lar, Ayd\u0131n Devlet Hastanesi\u2019ne kald\u0131r\u0131ld\u0131. Yaral\u0131lar\u0131n sa\u011fl\u0131k durumlar\u0131n\u0131n iyi oldu\u011fu \u00f6\u011frenildi. Silahl\u0131 sald\u0131r\u0131y\u0131 ger\u00e7ekle\u015ftirdikten sonra ka\u00e7an \u015f\u00fcpheli Erol B.\u2019nin yakalanmas\u0131 i\u00e7in polis ekipleri geni\u015f \u00e7apl\u0131 arama ba\u015flatt\u0131. Olayla ilgili soru\u015fturma s\u00fcr\u00fcyor.<br \/><\/p>\n","protected":false},"excerpt":{"rendered":"<p>Ayd\u0131n\u2019\u0131n \u0130ncirliova il\u00e7esinde, alacak verecek meselesi nedeniyle \u00e7\u0131kan silahl\u0131 sald\u0131r\u0131da 2 ki\u015fi yaraland\u0131. Yaral\u0131lar\u0131n olayla ilgisi olmayan sivil vatanda\u015flar oldu\u011fu \u00f6\u011frenildi. Sald\u0131rgan ise olay yerinden ka\u00e7arak izini kaybettirdi. Olay, saat 18.00 s\u0131ralar\u0131nda \u0130ncirliova il\u00e7esi H\u00fcrriyet Mahallesi\u2019nde meydana geldi. \u0130ddiaya g\u00f6re Erol B., aralar\u0131nda alacak verecek meselesi bulunan Ekrem B.\u2019nin bir kahvehanede bulundu\u011funu \u00f6\u011frenince, ara\u00e7la olay&#8230;<\/p>\n","protected":false},"author":1,"featured_media":57801,"comment_status":"open","ping_status":"open","sticky":false,"template":"","format":"standard","meta":{"_crdt_document":"","footnotes":""},"categories":[5],"tags":[],"class_list":["post-57800","post","type-post","status-publish","format-standard","has-post-thumbnail","hentry","category-asayis"],"_links":{"self":[{"href":"https:\/\/www.egemtv.com\/index.php?rest_route=\/wp\/v2\/posts\/57800","targetHints":{"allow":["GET"]}}],"collection":[{"href":"https:\/\/www.egemtv.com\/index.php?rest_route=\/wp\/v2\/posts"}],"about":[{"href":"https:\/\/www.egemtv.com\/index.php?rest_route=\/wp\/v2\/types\/post"}],"author":[{"embeddable":true,"href":"https:\/\/www.egemtv.com\/index.php?rest_route=\/wp\/v2\/users\/1"}],"replies":[{"embeddable":true,"href":"https:\/\/www.egemtv.com\/index.php?rest_route=%2Fwp%2Fv2%2Fcomments&post=57800"}],"version-history":[{"count":1,"href":"https:\/\/www.egemtv.com\/index.php?rest_route=\/wp\/v2\/posts\/57800\/revisions"}],"predecessor-version":[{"id":57802,"href":"https:\/\/www.egemtv.com\/index.php?rest_route=\/wp\/v2\/posts\/57800\/revisions\/57802"}],"wp:featuredmedia":[{"embeddable":true,"href":"https:\/\/www.egemtv.com\/index.php?rest_route=\/wp\/v2\/media\/57801"}],"wp:attachment":[{"href":"https:\/\/www.egemtv.com\/index.php?rest_route=%2Fwp%2Fv2%2Fmedia&parent=57800"}],"wp:term":[{"taxonomy":"category","embeddable":true,"href":"https:\/\/www.egemtv.com\/index.php?rest_route=%2Fwp%2Fv2%2Fcategories&post=57800"},{"taxonomy":"post_tag","embeddable":true,"href":"https:\/\/www.egemtv.com\/index.php?rest_route=%2Fwp%2Fv2%2Ftags&post=57800"}],"curies":[{"name":"wp","href":"https:\/\/api.w.org\/{rel}","templated":true}]}}